{"id":10485,"date":"2015-05-26T15:32:24","date_gmt":"2015-05-26T15:32:24","guid":{"rendered":"http:\/\/fram.is\/?p=10485"},"modified":"2015-05-26T15:32:24","modified_gmt":"2015-05-26T15:32:24","slug":"hildur-thorgeirsdottir-semur-vid-fram","status":"publish","type":"post","link":"http:\/\/fram.is\/is\/2015\/05\/26\/hildur-thorgeirsdottir-semur-vid-fram\/","title":{"rendered":"Hildur \u00deorgeirsd\u00f3ttir semur vi\u00f0 FRAM"},"content":{"rendered":"<p><a href=\"http:\/\/fram.is\/wp-content\/uploads\/2015\/05\/image001.jpg\"><img fetchpriority=\"high\" decoding=\"async\" src=\"http:\/\/fram.is\/wp-content\/uploads\/2015\/05\/image001-300x300.jpg\" alt=\"image001\" width=\"300\" height=\"300\" class=\"alignright size-medium wp-image-10486\" srcset=\"https:\/\/fram.is\/wp-content\/uploads\/2015\/05\/image001-300x300.jpg 300w, https:\/\/fram.is\/wp-content\/uploads\/2015\/05\/image001.jpg 800w, https:\/\/fram.is\/wp-content\/uploads\/2015\/05\/image001-100x100.jpg 100w, https:\/\/fram.is\/wp-content\/uploads\/2015\/05\/image001-150x150.jpg 150w, https:\/\/fram.is\/wp-content\/uploads\/2015\/05\/image001-768x768.jpg 768w\" sizes=\"(max-width: 300px) 100vw, 300px\" \/><\/a>Handknattleiksdeild FRAM og Hildur \u00deorgeirsd\u00f3ttir hafa gert me\u00f0 s\u00e9r samning um a\u00f0 Hildur leiki me\u00f0 meistaraflokki FRAM n\u00e6sta vetur \u00ed OL\u00cdS deild kvenna. Samningur FRAM og Hildar er til tveggja \u00e1ra.<\/p>\n<p>Hildur kemur n\u00fa til FRAM fr\u00e1 \u00de\u00fdskalandi \u00fear sem h\u00fan hefur leiki\u00f0 undanfarin \u00e1r, n\u00fa s\u00ed\u00f0ast me\u00f0 Koblenz.<\/p>\n<p>Hildur er ekki \u00f3\u00feekkt \u00ed herb\u00fa\u00f0um FRAM, en h\u00fan l\u00e9k fyrir f\u00e9lagi\u00f0 tv\u00f6 t\u00edmabil \u00e1\u00f0ur en h\u00fan h\u00e9lt til \u00de\u00fdskalands, \u00fe.e. t\u00edmabilin 2009 &#8211; 2010 og 2010 &#8211; 2011.  En eftir \u00fea\u00f0 t\u00edmabil f\u00f3r h\u00fan einmitt til \u00de\u00fdskalands og l\u00e9k \u00fe\u00e1 me\u00f0 HSG Blomberg-Lippe.  \u00c1 \u00feessum tveimur t\u00edmabilum l\u00e9k Hildur um 50 leiki fyrir FRAM og skora\u00f0i \u00ed \u00feeim um 120 m\u00f6rk.<\/p>\n<p>Hildur er 26 \u00e1ra og leikur \u00ed st\u00f6\u00f0u h\u00e6gri skyttu.<\/p>\n<p>Hildur hefur \u00e1tt s\u00e6ti \u00ed landsli\u00f0 \u00cdslands undanfarin \u00e1r og var valinn \u00ed landsli\u00f0sh\u00f3pinn sem tekur \u00fe\u00e1tt \u00ed \u00e6fingaleikjunum vi\u00f0 P\u00f3lland um n\u00e6stu helgi og \u00ed leikjunum vi\u00f0 Svartfjallaland sem fara fram \u00ed j\u00fan\u00ed n.k. vegna umspils fyrir HM 2015.<\/p>\n<p>\u00dea\u00f0 er s\u00e9rstakt \u00e1n\u00e6gjuefni fyrir Handknattleiksdeild FRAM a\u00f0 tilkynna um a\u00f0 Hildur ver\u00f0i \u00ed herb\u00fa\u00f0um FRAM \u00ed Safam\u00fdrinni n\u00e6stu tv\u00f6 \u00e1rin.<\/p>\n<p>Velkomin Hildur<\/p>\n<p>\u00c1FRAM FRAM<\/p>","protected":false},"excerpt":{"rendered":"<p>Handknattleiksdeild FRAM og Hildur \u00deorgeirsd\u00f3ttir hafa gert me\u00f0 s\u00e9r samning um a\u00f0 Hildur leiki me\u00f0 meistaraflokki FRAM n\u00e6sta vetur \u00ed OL\u00cdS deild kvenna. Samningur FRAM og Hildar er til tveggja [&hellip;]<\/p>","protected":false},"author":3,"featured_media":10486,"comment_status":"open","ping_status":"open","sticky":false,"template":"","format":"standard","meta":{"_monsterinsights_skip_tracking":false,"_monsterinsights_sitenote_active":false,"_monsterinsights_sitenote_note":"","_monsterinsights_sitenote_category":0,"_jetpack_memberships_contains_paid_content":false,"footnotes":""},"categories":[6,15],"tags":[],"class_list":["post-10485","post","type-post","status-publish","format-standard","has-post-thumbnail","hentry","category-handbolti","category-mfl-kvenna"],"jetpack_sharing_enabled":true,"jetpack_featured_media_url":"https:\/\/fram.is\/wp-content\/uploads\/2015\/05\/image001.jpg","_links":{"self":[{"href":"http:\/\/fram.is\/is\/wp-json\/wp\/v2\/posts\/10485","targetHints":{"allow":["GET"]}}],"collection":[{"href":"http:\/\/fram.is\/is\/wp-json\/wp\/v2\/posts"}],"about":[{"href":"http:\/\/fram.is\/is\/wp-json\/wp\/v2\/types\/post"}],"author":[{"embeddable":true,"href":"http:\/\/fram.is\/is\/wp-json\/wp\/v2\/users\/3"}],"replies":[{"embeddable":true,"href":"http:\/\/fram.is\/is\/wp-json\/wp\/v2\/comments?post=10485"}],"version-history":[{"count":0,"href":"http:\/\/fram.is\/is\/wp-json\/wp\/v2\/posts\/10485\/revisions"}],"wp:featuredmedia":[{"embeddable":true,"href":"http:\/\/fram.is\/is\/wp-json\/wp\/v2\/media\/10486"}],"wp:attachment":[{"href":"http:\/\/fram.is\/is\/wp-json\/wp\/v2\/media?parent=10485"}],"wp:term":[{"taxonomy":"category","embeddable":true,"href":"http:\/\/fram.is\/is\/wp-json\/wp\/v2\/categories?post=10485"},{"taxonomy":"post_tag","embeddable":true,"href":"http:\/\/fram.is\/is\/wp-json\/wp\/v2\/tags?post=10485"}],"curies":[{"name":"wp","href":"https:\/\/api.w.org\/{rel}","templated":true}]}}