{"id":10490,"date":"2015-05-29T11:09:00","date_gmt":"2015-05-29T11:09:00","guid":{"rendered":"http:\/\/fram.is\/?p=10490"},"modified":"2015-05-29T11:09:00","modified_gmt":"2015-05-29T11:09:00","slug":"tap-gegn-haukum-i-gaer","status":"publish","type":"post","link":"http:\/\/fram.is\/is\/2015\/05\/29\/tap-gegn-haukum-i-gaer\/","title":{"rendered":"Tap gegn Haukum \u00ed g\u00e6r"},"content":{"rendered":"<p><a href=\"http:\/\/fram.is\/wp-content\/uploads\/2015\/05\/Ernir-Bjarnason.jpg\"><img fetchpriority=\"high\" decoding=\"async\" class=\"alignright size-medium wp-image-10288\" src=\"http:\/\/fram.is\/wp-content\/uploads\/2015\/05\/Ernir-Bjarnason-300x261.jpg\" alt=\"Ernir Bjarnason\" width=\"300\" height=\"261\" \/><\/a>Str\u00e1karnir okkar \u00ed f\u00f3tboltanum m\u00e6ttu a\u00f0 \u00c1sv\u00f6llur \u00ed g\u00e6r \u00feegar \u00feeir l\u00e9ku gegn Haukum \u00ed fj\u00f3r\u00f0u umfer\u00f0 \u00cdslansm\u00f3tsins. \u00dea\u00f0 var kalt \u00e1 vellinum, bl\u00e1stur en s\u00f3l.<br \/>\nVi\u00f0 byrju\u00f0um leikinn ekki vel og spilu\u00f0um fyrri h\u00e1lfleikinn heinlega illa og vorum kannski heppnir a\u00f0 vera yfir \u00ed h\u00e1lfleik 0-1 en Ernir Bjarnason skora\u00f0i fyrir okkur \u00e1 40 m\u00edn.<br \/>\nVi\u00f0 vorum a\u00f0eins betri \u00ed s\u00ed\u00f0ari h\u00e1lfleik en n\u00e1\u00f0um ekki a\u00f0 \u00f3gna marki Hauka neitt a\u00f0 r\u00e1\u00f0i.\u00a0 Haukar voru svo sem ekki heldur l\u00edklegir til a\u00f0 gera neitt fyrr en \u00e1 81 m\u00edn \u00feegar \u00feeir ger\u00f0u frekar \u00f3d\u00fdrt mark og sta\u00f0an or\u00f0in 1-1.\u00a0 \u00dea\u00f0 var svo ekki n\u00f3g heldur g\u00e1fum vi\u00f0 mark \u00e1 92 m\u00edn og 2-1 tap sta\u00f0reynd. \u00a0Ferlega l\u00e9leg a\u00f0 tapa \u00feessum leik og lj\u00f3st a\u00f0 vi\u00f0 \u00feurfum a\u00f0 fara a\u00f0 taka stig \u00ed \u00feessari deild.<br \/>\nN\u00e6sti leikur er \u00e1 \u00feri\u00f0judag \u00ed bikarnum gegn KV \u00e1 KR-velli.\u00a0 Sj\u00e1umst \u00fe\u00e1.<\/p>\n<p>\u00c1FRAM FRAM<\/p>","protected":false},"excerpt":{"rendered":"<p>Str\u00e1karnir okkar \u00ed f\u00f3tboltanum m\u00e6ttu a\u00f0 \u00c1sv\u00f6llur \u00ed g\u00e6r \u00feegar \u00feeir l\u00e9ku gegn Haukum \u00ed fj\u00f3r\u00f0u umfer\u00f0 \u00cdslansm\u00f3tsins. \u00dea\u00f0 var kalt \u00e1 vellinum, bl\u00e1stur en s\u00f3l. Vi\u00f0 byrju\u00f0um leikinn ekki [&hellip;]<\/p>","protected":false},"author":4,"featured_media":10287,"comment_status":"open","ping_status":"open","sticky":false,"template":"","format":"standard","meta":{"_monsterinsights_skip_tracking":false,"_monsterinsights_sitenote_active":false,"_monsterinsights_sitenote_note":"","_monsterinsights_sitenote_category":0,"_jetpack_memberships_contains_paid_content":false,"footnotes":""},"categories":[11,9],"tags":[],"class_list":["post-10490","post","type-post","status-publish","format-standard","has-post-thumbnail","hentry","category-mflkarla","category-fotbolti"],"jetpack_sharing_enabled":true,"jetpack_featured_media_url":"https:\/\/fram.is\/wp-content\/uploads\/2015\/05\/Ernir-vefur-scaled.jpg","_links":{"self":[{"href":"http:\/\/fram.is\/is\/wp-json\/wp\/v2\/posts\/10490","targetHints":{"allow":["GET"]}}],"collection":[{"href":"http:\/\/fram.is\/is\/wp-json\/wp\/v2\/posts"}],"about":[{"href":"http:\/\/fram.is\/is\/wp-json\/wp\/v2\/types\/post"}],"author":[{"embeddable":true,"href":"http:\/\/fram.is\/is\/wp-json\/wp\/v2\/users\/4"}],"replies":[{"embeddable":true,"href":"http:\/\/fram.is\/is\/wp-json\/wp\/v2\/comments?post=10490"}],"version-history":[{"count":0,"href":"http:\/\/fram.is\/is\/wp-json\/wp\/v2\/posts\/10490\/revisions"}],"wp:featuredmedia":[{"embeddable":true,"href":"http:\/\/fram.is\/is\/wp-json\/wp\/v2\/media\/10287"}],"wp:attachment":[{"href":"http:\/\/fram.is\/is\/wp-json\/wp\/v2\/media?parent=10490"}],"wp:term":[{"taxonomy":"category","embeddable":true,"href":"http:\/\/fram.is\/is\/wp-json\/wp\/v2\/categories?post=10490"},{"taxonomy":"post_tag","embeddable":true,"href":"http:\/\/fram.is\/is\/wp-json\/wp\/v2\/tags?post=10490"}],"curies":[{"name":"wp","href":"https:\/\/api.w.org\/{rel}","templated":true}]}}