{"id":13302,"date":"2016-05-25T21:35:01","date_gmt":"2016-05-25T21:35:01","guid":{"rendered":"http:\/\/fram.is\/?p=13302"},"modified":"2016-05-25T21:35:01","modified_gmt":"2016-05-25T21:35:01","slug":"steinunn-bjornsdottir-i-a-landslid-islands","status":"publish","type":"post","link":"http:\/\/fram.is\/is\/2016\/05\/25\/steinunn-bjornsdottir-i-a-landslid-islands\/","title":{"rendered":"Steinunn Bj\u00f6rnsd\u00f3ttir \u00ed A landsli\u00f0 \u00cdslands"},"content":{"rendered":"<p><a href=\"http:\/\/fram.is\/is\/?attachment_id=13303\"><img fetchpriority=\"high\" decoding=\"async\" class=\"alignright size-medium wp-image-13303\" src=\"http:\/\/fram.is\/wp-content\/uploads\/2016\/05\/Steinunn-300x300.jpg\" alt=\"Steinunn\" width=\"300\" height=\"300\" \/><\/a>Valinn hefur veri\u00f0 \u00a019 manna leik\u00admanna\u00adh\u00f3pur A landsli\u00f0s \u00cdslands kvenna \u00ed handbolta fyr\u00adir loka\u00adleik\u00adina \u00ed undan\u00adkeppni EM sem haldi\u00f0 ver\u00f0ur \u00ed Sv\u00ed\u00fej\u00f3\u00f0 seinna \u00e1 \u00feessu \u00e1ri.<br \/>\n\u00cdsland m\u00e6t\u00adir Frakklandi mi\u00f0viku\u00addag\u00adinn 1. j\u00fan\u00ed klukk\u00adan 20.00 \u00ed Vals\u00adh\u00f6ll\u00adinni og \u00de\u00fdskalandi sunnu\u00addag\u00adinn 5. j\u00fan\u00ed klukk\u00adan 15.00 a\u00f0 \u00eds\u00adlensk\u00adum t\u00edma \u00ed Porsche Ar\u00adena \u00ed Stutt\u00adg\u00adart. Vi\u00f0 FRAMarar erum stoltir af \u00fev\u00ed a\u00f0 eiga einn fulltr\u00faa \u00ed \u00feessum landsli\u00f0sh\u00f3pi \u00a0en Steinunn Bj\u00f6rnsd\u00f3ttir var valinn \u00ed h\u00f3pinn a\u00f0 \u00feessu sinni. \u00deess ber a\u00f0 geta a\u00f0 Gu\u00f0r\u00fan \u00d3sk Mar\u00edas\u00add\u00f3tt\u00adir markv\u00f6r\u00f0ur okkar FRAMara gat ekki gefi\u00f0 kost \u00e1 s\u00e9r a\u00f0 \u00feessu sinni vegna mei\u00f0sla.<\/p>\n<p>Stein\u00adunn Bj\u00f6rns\u00add\u00f3tt\u00adir\u00a0\u00a0\u00a0\u00a0\u00a0\u00a0\u00a0\u00a0\u00a0\u00a0\u00a0\u00a0\u00a0 Fram<\/p>\n<p>Gangi \u00fe\u00e9r vel Steinunn<\/p>\n<p>\u00c1FRAM FRAM<\/p>","protected":false},"excerpt":{"rendered":"<p>Valinn hefur veri\u00f0 \u00a019 manna leik\u00admanna\u00adh\u00f3pur A landsli\u00f0s \u00cdslands kvenna \u00ed handbolta fyr\u00adir loka\u00adleik\u00adina \u00ed undan\u00adkeppni EM sem haldi\u00f0 ver\u00f0ur \u00ed Sv\u00ed\u00fej\u00f3\u00f0 seinna \u00e1 \u00feessu \u00e1ri. \u00cdsland m\u00e6t\u00adir Frakklandi mi\u00f0viku\u00addag\u00adinn [&hellip;]<\/p>","protected":false},"author":4,"featured_media":12871,"comment_status":"open","ping_status":"open","sticky":false,"template":"","format":"standard","meta":{"_monsterinsights_skip_tracking":false,"_monsterinsights_sitenote_active":false,"_monsterinsights_sitenote_note":"","_monsterinsights_sitenote_category":0,"_jetpack_memberships_contains_paid_content":false,"footnotes":""},"categories":[6,15],"tags":[],"class_list":["post-13302","post","type-post","status-publish","format-standard","has-post-thumbnail","hentry","category-handbolti","category-mfl-kvenna"],"jetpack_sharing_enabled":true,"jetpack_featured_media_url":"https:\/\/fram.is\/wp-content\/uploads\/2016\/04\/Steinunn-gegn-Gr\u00f3ttu-vefur.jpg","_links":{"self":[{"href":"http:\/\/fram.is\/is\/wp-json\/wp\/v2\/posts\/13302","targetHints":{"allow":["GET"]}}],"collection":[{"href":"http:\/\/fram.is\/is\/wp-json\/wp\/v2\/posts"}],"about":[{"href":"http:\/\/fram.is\/is\/wp-json\/wp\/v2\/types\/post"}],"author":[{"embeddable":true,"href":"http:\/\/fram.is\/is\/wp-json\/wp\/v2\/users\/4"}],"replies":[{"embeddable":true,"href":"http:\/\/fram.is\/is\/wp-json\/wp\/v2\/comments?post=13302"}],"version-history":[{"count":0,"href":"http:\/\/fram.is\/is\/wp-json\/wp\/v2\/posts\/13302\/revisions"}],"wp:featuredmedia":[{"embeddable":true,"href":"http:\/\/fram.is\/is\/wp-json\/wp\/v2\/media\/12871"}],"wp:attachment":[{"href":"http:\/\/fram.is\/is\/wp-json\/wp\/v2\/media?parent=13302"}],"wp:term":[{"taxonomy":"category","embeddable":true,"href":"http:\/\/fram.is\/is\/wp-json\/wp\/v2\/categories?post=13302"},{"taxonomy":"post_tag","embeddable":true,"href":"http:\/\/fram.is\/is\/wp-json\/wp\/v2\/tags?post=13302"}],"curies":[{"name":"wp","href":"https:\/\/api.w.org\/{rel}","templated":true}]}}