{"id":20654,"date":"2019-05-14T18:17:35","date_gmt":"2019-05-14T18:17:35","guid":{"rendered":"http:\/\/fram.is\/?p=20654"},"modified":"2019-05-14T18:17:35","modified_gmt":"2019-05-14T18:17:35","slug":"ragnheidur-juliusdottir-framlengir-vid-fram","status":"publish","type":"post","link":"http:\/\/fram.is\/is\/2019\/05\/14\/ragnheidur-juliusdottir-framlengir-vid-fram\/","title":{"rendered":"Ragnhei\u00f0ur J\u00fal\u00edusd\u00f3ttir framlengir vi\u00f0 FRAM"},"content":{"rendered":"<p><a href=\"http:\/\/fram.is\/is\/?attachment_id=20657\"><img fetchpriority=\"high\" decoding=\"async\" class=\"alignright size-large wp-image-20657\" src=\"http:\/\/fram.is\/wp-content\/uploads\/2019\/05\/Ragnhei\u00f0ur-og-Gu\u00f0mndur-undirskrift-1024x890.jpg\" alt=\"\" width=\"460\" height=\"400\" \/><\/a>Handknattleiksdeild Fram og Ragnhei\u00f0ur J\u00fal\u00edusd\u00f3ttir hafa gert me\u00f0 s\u00e9r samning um a\u00f0 Ragnhei\u00f0ur spili \u00e1fram \u00ed Safam\u00fdrinni \u00ed herb\u00fa\u00f0um Fram n\u00e6sta vetur.<\/p>\n<p>Ragnhei\u00f0ur er f\u00e6dd 1997 og \u00fev\u00ed ekki nema 22 \u00e1ra \u00e1 \u00feessu \u00e1ri.\u00a0 H\u00fan er uppalin Framari og hefur alla s\u00edna handboltat\u00ed\u00f0 leiki\u00f0 me\u00f0 Fram.<\/p>\n<p>\u00dea\u00f0 \u00fearf ekki a\u00f0 kynna Ragnhei\u00f0i fyrir Fr\u00f6murum.\u00a0 H\u00fan hefur n\u00fa \u00fer\u00e1tt fyrir ungan aldur veri\u00f0 einn af bur\u00f0ar\u00e1sum \u00ed li\u00f0i Fram undanfarin \u00e1r.\u00a0 H\u00fan l\u00e9k s\u00edna fyrstu leiki me\u00f0 meistaraflokki hausti\u00f0 2013, \u00fe\u00e1 einungis 16 \u00e1ra g\u00f6mul.\u00a0 \u00deessi vetur sem er li\u00f0inn var \u00fev\u00ed hennar sj\u00f6tti vetur me\u00f0 meistaraflokki Fram.\u00a0 \u00c1 \u00feessum t\u00edma eru meistaraflokksleikirnir \u00e1 \u00cdslandsm\u00f3ti or\u00f0nir yfir 200, og m\u00f6rkin \u00ed \u00feeim leikjum or\u00f0in yfir 1.000.<\/p>\n<p>Ragnhei\u00f0ur hefur n\u00e1nast ekki misst \u00far leik me\u00f0 meistaraflokki \u00e1 \u00feessum sex keppnist\u00edmabilum.<\/p>\n<p>Ragnhei\u00f0ur hefur veri\u00f0 valinn besti leikma\u00f0ur Fram tvisvar, fyrst veturinn 2015 \u2013 2016 og s\u00ed\u00f0an aftur 2017 \u2013 2018<\/p>\n<p>Ragnhei\u00f0ur var markah\u00e6sti leikma\u00f0ur \u00cdslandsm\u00f3tsins 2017 \u2013 2018 og \u00ed \u00f6\u00f0ru s\u00e6ti s\u00ed\u00f0astli\u00f0inn vetur.<\/p>\n<p>Ragnhei\u00f0ur hefur \u00e1tt s\u00e6ti \u00ed A landsli\u00f0i kvenna og samkv\u00e6mt uppl\u00fdsingum HS\u00cd hefur h\u00fan leiki\u00f0 25 landsleiki og skora\u00f0 \u00ed \u00feeim 24 m\u00f6rk.\u00a0 H\u00fan var valin n\u00fa \u00ed byrjun ma\u00ed \u00ed landsli\u00f0sh\u00f3p sem b\u00fdr sig undir umspilsleiki vi\u00f0 Sp\u00e1n n\u00fa um m\u00e1na\u00f0arm\u00f3tin.<\/p>\n<p>\u00dea\u00f0 er Fram s\u00e9rst\u00f6k \u00e1n\u00e6gja a\u00f0 geta tilkynnt \u00fea\u00f0 a\u00f0 Ragnhei\u00f0ur ver\u00f0i \u00e1fram \u00ed herb\u00fa\u00f0um Fram n\u00e6sta vetur.<\/p>\n<p>\u00c1FRAM FRAM<\/p>","protected":false},"excerpt":{"rendered":"<p>Handknattleiksdeild Fram og Ragnhei\u00f0ur J\u00fal\u00edusd\u00f3ttir hafa gert me\u00f0 s\u00e9r samning um a\u00f0 Ragnhei\u00f0ur spili \u00e1fram \u00ed Safam\u00fdrinni \u00ed herb\u00fa\u00f0um Fram n\u00e6sta vetur. Ragnhei\u00f0ur er f\u00e6dd 1997 og \u00fev\u00ed ekki nema [&hellip;]<\/p>","protected":false},"author":4,"featured_media":20655,"comment_status":"open","ping_status":"open","sticky":false,"template":"","format":"standard","meta":{"_monsterinsights_skip_tracking":false,"_monsterinsights_sitenote_active":false,"_monsterinsights_sitenote_note":"","_monsterinsights_sitenote_category":0,"_jetpack_memberships_contains_paid_content":false,"footnotes":""},"categories":[6,19],"tags":[],"class_list":["post-20654","post","type-post","status-publish","format-standard","has-post-thumbnail","hentry","category-handbolti","category-mfl-karla"],"jetpack_sharing_enabled":true,"jetpack_featured_media_url":"https:\/\/fram.is\/wp-content\/uploads\/2019\/05\/Ragnhei\u00f0ur-vefur-scaled.jpg","_links":{"self":[{"href":"http:\/\/fram.is\/is\/wp-json\/wp\/v2\/posts\/20654","targetHints":{"allow":["GET"]}}],"collection":[{"href":"http:\/\/fram.is\/is\/wp-json\/wp\/v2\/posts"}],"about":[{"href":"http:\/\/fram.is\/is\/wp-json\/wp\/v2\/types\/post"}],"author":[{"embeddable":true,"href":"http:\/\/fram.is\/is\/wp-json\/wp\/v2\/users\/4"}],"replies":[{"embeddable":true,"href":"http:\/\/fram.is\/is\/wp-json\/wp\/v2\/comments?post=20654"}],"version-history":[{"count":0,"href":"http:\/\/fram.is\/is\/wp-json\/wp\/v2\/posts\/20654\/revisions"}],"wp:featuredmedia":[{"embeddable":true,"href":"http:\/\/fram.is\/is\/wp-json\/wp\/v2\/media\/20655"}],"wp:attachment":[{"href":"http:\/\/fram.is\/is\/wp-json\/wp\/v2\/media?parent=20654"}],"wp:term":[{"taxonomy":"category","embeddable":true,"href":"http:\/\/fram.is\/is\/wp-json\/wp\/v2\/categories?post=20654"},{"taxonomy":"post_tag","embeddable":true,"href":"http:\/\/fram.is\/is\/wp-json\/wp\/v2\/tags?post=20654"}],"curies":[{"name":"wp","href":"https:\/\/api.w.org\/{rel}","templated":true}]}}