{"id":3273,"date":"2013-05-13T09:00:09","date_gmt":"2013-05-13T09:00:09","guid":{"rendered":"http:\/\/fram.is\/?p=3273"},"modified":"2013-05-13T09:00:09","modified_gmt":"2013-05-13T09:00:09","slug":"fram-fylkir-i-kvold-fyrsti-heimaleikur-sumarsins","status":"publish","type":"post","link":"http:\/\/fram.is\/is\/2013\/05\/13\/fram-fylkir-i-kvold-fyrsti-heimaleikur-sumarsins\/","title":{"rendered":"FRAM &#8211; Fylkir \u00ed kv\u00f6ld | Fyrsti heimaleikur sumarsins"},"content":{"rendered":"<p><a href=\"http:\/\/fram.is\/wp-content\/uploads\/2013\/05\/FramFylkir.jpg\"><img fetchpriority=\"high\" decoding=\"async\" class=\"alignright size-medium wp-image-3274\" alt=\"FramFylkir\" src=\"http:\/\/fram.is\/wp-content\/uploads\/2013\/05\/FramFylkir-300x200.jpg\" width=\"300\" height=\"200\" srcset=\"https:\/\/fram.is\/wp-content\/uploads\/2013\/05\/FramFylkir-300x200.jpg 300w, https:\/\/fram.is\/wp-content\/uploads\/2013\/05\/FramFylkir-768x513.jpg 768w, https:\/\/fram.is\/wp-content\/uploads\/2013\/05\/FramFylkir.jpg 800w\" sizes=\"(max-width: 300px) 100vw, 300px\" \/><\/a>FRAM tekur \u00e1 m\u00f3ti Fylki \u00ed Pepsideild karla \u00ed knattspyrnu klukkan 19.15 \u00ed kv\u00f6ld \u00e1 Laugardalsvelli. \u00a0\u00deetta er fyrsti heimaleikur okkar FRAMara, en varla \u00fearf a\u00f0 rifja \u00fea\u00f0 upp a\u00f0 vi\u00f0 unnum V\u00edking \u00ed \u00d3lafsv\u00edk \u00ed fyrstu umfer\u00f0inni me\u00f0 tveimur m\u00f6rkum gegn einu. \u00a0Fylkir tapa\u00f0i fyrir Val \u00e1 heimavelli \u00ed fyrstu umfer\u00f0inni, 1-2.<\/p>\n<p>S\u00ed\u00f0asti leikur FRAM og Fylkis \u00e1 Laugardalsvelli, sem fram f\u00f3r \u00ed byrjun september \u00ed fyrra, var eftirminnilegur, en \u00fe\u00e1 f\u00f6gnu\u00f0u bl\u00e1ir \u00f6ruggum sigri \u00ed Pepsideildinni, 4-0. \u00a0Kristinn Ingi Halld\u00f3rsson skora\u00f0i tv\u00f6 fyrstu m\u00f6rk FRAM \u00ed leiknum, Sam Tillen \u00fea\u00f0 \u00feri\u00f0ja og Almarr Ormarsson fj\u00f3r\u00f0a og s\u00ed\u00f0asta marki\u00f0. \u00a0\u00derj\u00fa s\u00ed\u00f0ustu m\u00f6rkin skoru\u00f0u FRAMarar eftir a\u00f0 Fylkismanninum \u00c1sgeiri Berki \u00c1sgeirssyni haf\u00f0i veri\u00f0 v\u00edsa\u00f0 af leikvelli.<br \/>\nFylkir vann fyrri leik li\u00f0anna \u00ed Pepsideildinni \u00ed fyrra 1-0 og \u00fe\u00e1 skora\u00f0i Dav\u00ed\u00f0 \u00de\u00f3r \u00c1sbj\u00f6rnsson eina mark leiksins.<\/p>\n<p>Fylkir fagna\u00f0i s\u00ed\u00f0ast sigri gegn FRAM \u00ed Laugardalnum \u00ed \u00e1g\u00fast fyrir \u00feremur \u00e1rum. \u00a0Pape Mamadou Faye kom Fylkism\u00f6nnum yfir strax \u00e1 annarri m\u00edn\u00fatu, J\u00f3n Gu\u00f0ni Fj\u00f3luson jafna\u00f0i metin \u00far v\u00edtaspyrnu t\u00edu m\u00edn\u00fatum fyrir leikslok og Ingimundur N\u00edelsson skora\u00f0i svo sigurmarki\u00f0 fyrir Fylkismenn tveimur m\u00edn\u00fatum fyrir leikslok.<\/p>\n<p>FRAM og Fylkir hafa m\u00e6st 36 sinnum \u00ed deild og bikar; FRAM hefur unni\u00f0 15 \u00feessara leikja, 8 sinnum hafa li\u00f0in skili\u00f0 j\u00f6fn og 13 sinnum hafa Fylkismenn fagna\u00f0 sigri. \u00a0Markatalan er 57-39 FRAM \u00ed hag.<br \/>\nLi\u00f0in standa hn\u00edfj\u00f6fn \u00feegar sko\u00f0a\u00f0ar eru innbyr\u00f0isvi\u00f0ureignir \u00ed deild s\u00ed\u00f0ustu fimm \u00e1rin. \u00a0FRAM hefur unni\u00f0 tvo leiki og einn \u00fatileik, Fylkir hefur unni\u00f0 tvo heimaleiki og einn \u00fatileik og li\u00f0in hafa fj\u00f3rum sinnum gert jafntefli, tvisvar \u00e1 hvorum velli.<br \/>\nFRAM hefur unni\u00f0 b\u00e1\u00f0a bikarleiki li\u00f0anna \u00e1 \u00feessu fimm \u00e1ra t\u00edmabili me\u00f0 s\u00f6mu markat\u00f6lu, 2-0, annan \u00e1 Laugardalsvelli og hinn \u00e1 Fylkisvelli.<br \/>\nMarkatalan \u00ed leikjunum undanfarin fimm \u00e1r er 14-7 FRAM \u00ed vil, 18-7 ef bikarleikirnir tveir eru taldir me\u00f0.<\/p>\n<p>Sta\u00f0an \u00e1 leikmannah\u00f3pi FRAM er me\u00f0 \u00e1g\u00e6tum, allir nema Orri Gunnarsson leikf\u00e6rir og \u00ed g\u00f3\u00f0u standi. \u00a0Viktor Bjarki Arnarsson t\u00f3k \u00fat leikbann fr\u00e1 s\u00ed\u00f0ustu leikt\u00ed\u00f0 \u00ed fyrstu umfer\u00f0inni, en kemur n\u00fa inn \u00ed leikmannah\u00f3pinn.<\/p>\n<p>R\u00e9tt er a\u00f0 minna \u00e1 a\u00f0 FRAMherjakortin ver\u00f0a afhent fyrir leikinn \u00ed Laugardalnum \u00ed kv\u00f6ld og eru FRAMherjar hvattir til a\u00f0 m\u00e6ta t\u00edmanlega til n\u00e1lgast kortin s\u00edn.<\/p>","protected":false},"excerpt":{"rendered":"<p>FRAM tekur \u00e1 m\u00f3ti Fylki \u00ed Pepsideild karla \u00ed knattspyrnu klukkan 19.15 \u00ed kv\u00f6ld \u00e1 Laugardalsvelli. \u00a0\u00deetta er fyrsti heimaleikur okkar FRAMara, en varla \u00fearf a\u00f0 rifja \u00fea\u00f0 upp a\u00f0 [&hellip;]<\/p>","protected":false},"author":3,"featured_media":3274,"comment_status":"open","ping_status":"open","sticky":false,"template":"","format":"standard","meta":{"_monsterinsights_skip_tracking":false,"_monsterinsights_sitenote_active":false,"_monsterinsights_sitenote_note":"","_monsterinsights_sitenote_category":0,"_jetpack_memberships_contains_paid_content":false,"footnotes":""},"categories":[11,9],"tags":[],"class_list":["post-3273","post","type-post","status-publish","format-standard","has-post-thumbnail","hentry","category-mflkarla","category-fotbolti"],"jetpack_sharing_enabled":true,"jetpack_featured_media_url":"https:\/\/fram.is\/wp-content\/uploads\/2013\/05\/FramFylkir.jpg","_links":{"self":[{"href":"http:\/\/fram.is\/is\/wp-json\/wp\/v2\/posts\/3273","targetHints":{"allow":["GET"]}}],"collection":[{"href":"http:\/\/fram.is\/is\/wp-json\/wp\/v2\/posts"}],"about":[{"href":"http:\/\/fram.is\/is\/wp-json\/wp\/v2\/types\/post"}],"author":[{"embeddable":true,"href":"http:\/\/fram.is\/is\/wp-json\/wp\/v2\/users\/3"}],"replies":[{"embeddable":true,"href":"http:\/\/fram.is\/is\/wp-json\/wp\/v2\/comments?post=3273"}],"version-history":[{"count":0,"href":"http:\/\/fram.is\/is\/wp-json\/wp\/v2\/posts\/3273\/revisions"}],"wp:featuredmedia":[{"embeddable":true,"href":"http:\/\/fram.is\/is\/wp-json\/wp\/v2\/media\/3274"}],"wp:attachment":[{"href":"http:\/\/fram.is\/is\/wp-json\/wp\/v2\/media?parent=3273"}],"wp:term":[{"taxonomy":"category","embeddable":true,"href":"http:\/\/fram.is\/is\/wp-json\/wp\/v2\/categories?post=3273"},{"taxonomy":"post_tag","embeddable":true,"href":"http:\/\/fram.is\/is\/wp-json\/wp\/v2\/tags?post=3273"}],"curies":[{"name":"wp","href":"https:\/\/api.w.org\/{rel}","templated":true}]}}