{"id":3278,"date":"2013-05-13T11:12:34","date_gmt":"2013-05-13T11:12:34","guid":{"rendered":"http:\/\/fram.is\/?p=3278"},"modified":"2013-05-13T11:12:34","modified_gmt":"2013-05-13T11:12:34","slug":"moritz-erbs-til-lids-vid-fram","status":"publish","type":"post","link":"http:\/\/fram.is\/is\/2013\/05\/13\/moritz-erbs-til-lids-vid-fram\/","title":{"rendered":"Moritz Erbs til li\u00f0s vi\u00f0 FRAM"},"content":{"rendered":"<p><a href=\"http:\/\/fram.is\/wp-content\/uploads\/2013\/05\/Moritz-Erbs.jpg\"><img fetchpriority=\"high\" decoding=\"async\" class=\"alignright size-medium wp-image-3279\" alt=\"Moritz Erbs\" src=\"http:\/\/fram.is\/wp-content\/uploads\/2013\/05\/Moritz-Erbs-300x237.jpg\" width=\"300\" height=\"237\" \/><\/a>Knattspyrnudeild FRAM hefur sami\u00f0 vi\u00f0 ungan \u00dej\u00f3\u00f0verja, Moritz Erbs, til loka yfirstandandi leikt\u00ed\u00f0ar \u00ed Pepsideildinni. \u00a0Erbs, sem er n\u00fdor\u00f0inn 18 \u00e1ra, leikur alla jafna \u00ed st\u00f6\u00f0u mi\u00f0var\u00f0ar en h\u00f3f ferilinn sem framherji og er markheppinn me\u00f0 afbrig\u00f0um. \u00a0Hann kemur til landsins \u00ed n\u00e6stu viku.<\/p>\n<p>Erbs kom til landsins \u00e1 vorm\u00e1nu\u00f0um og \u00e6f\u00f0i um hr\u00ed\u00f0 me\u00f0 FRAM. \u00a0Frammista\u00f0a hans \u00fear var me\u00f0 \u00e1g\u00e6tum og fyrir skemmstu n\u00e1\u00f0ist samkomulag um a\u00f0 hann myndi sn\u00faa aftur. \u00a0Samningur Erbs vi\u00f0 FRAM gildir eins og \u00e1\u00f0ur segir til loka leikt\u00ed\u00f0arinnar. \u00a0Hann l\u00e9k s\u00ed\u00f0asta deildarleik sinn \u00ed \u00de\u00fdskalandi um n\u00fdli\u00f0na helgi og kemur hinga\u00f0 til lands \u00ed byrjun n\u00e6stu viku.<\/p>\n<p>Moritz Erbs l\u00e9k \u00e1 n\u00fdafsta\u00f0inni leikt\u00ed\u00f0 me\u00f0 SG Rosenh\u00f6he \u00ed Hessenliga og skora\u00f0i \u00fear 14 m\u00f6rk \u00ed 20 leikjum. \u00a0\u00c1\u00f0ur en hann gekk til li\u00f0s vi\u00f0 Rosenh\u00f6he l\u00e9k hann m.a. me\u00f0 FSV Frankfurt og Kickers Offenbach.<\/p>","protected":false},"excerpt":{"rendered":"<p>Knattspyrnudeild FRAM hefur sami\u00f0 vi\u00f0 ungan \u00dej\u00f3\u00f0verja, Moritz Erbs, til loka yfirstandandi leikt\u00ed\u00f0ar \u00ed Pepsideildinni. \u00a0Erbs, sem er n\u00fdor\u00f0inn 18 \u00e1ra, leikur alla jafna \u00ed st\u00f6\u00f0u mi\u00f0var\u00f0ar en h\u00f3f ferilinn [&hellip;]<\/p>","protected":false},"author":3,"featured_media":3279,"comment_status":"open","ping_status":"open","sticky":false,"template":"","format":"standard","meta":{"_monsterinsights_skip_tracking":false,"_monsterinsights_sitenote_active":false,"_monsterinsights_sitenote_note":"","_monsterinsights_sitenote_category":0,"_jetpack_memberships_contains_paid_content":false,"footnotes":""},"categories":[11,9],"tags":[],"class_list":["post-3278","post","type-post","status-publish","format-standard","has-post-thumbnail","hentry","category-mflkarla","category-fotbolti"],"jetpack_sharing_enabled":true,"jetpack_featured_media_url":"https:\/\/fram.is\/wp-content\/uploads\/2013\/05\/Moritz-Erbs.jpg","_links":{"self":[{"href":"http:\/\/fram.is\/is\/wp-json\/wp\/v2\/posts\/3278","targetHints":{"allow":["GET"]}}],"collection":[{"href":"http:\/\/fram.is\/is\/wp-json\/wp\/v2\/posts"}],"about":[{"href":"http:\/\/fram.is\/is\/wp-json\/wp\/v2\/types\/post"}],"author":[{"embeddable":true,"href":"http:\/\/fram.is\/is\/wp-json\/wp\/v2\/users\/3"}],"replies":[{"embeddable":true,"href":"http:\/\/fram.is\/is\/wp-json\/wp\/v2\/comments?post=3278"}],"version-history":[{"count":0,"href":"http:\/\/fram.is\/is\/wp-json\/wp\/v2\/posts\/3278\/revisions"}],"wp:featuredmedia":[{"embeddable":true,"href":"http:\/\/fram.is\/is\/wp-json\/wp\/v2\/media\/3279"}],"wp:attachment":[{"href":"http:\/\/fram.is\/is\/wp-json\/wp\/v2\/media?parent=3278"}],"wp:term":[{"taxonomy":"category","embeddable":true,"href":"http:\/\/fram.is\/is\/wp-json\/wp\/v2\/categories?post=3278"},{"taxonomy":"post_tag","embeddable":true,"href":"http:\/\/fram.is\/is\/wp-json\/wp\/v2\/tags?post=3278"}],"curies":[{"name":"wp","href":"https:\/\/api.w.org\/{rel}","templated":true}]}}