{"id":3282,"date":"2013-05-15T13:09:57","date_gmt":"2013-05-15T13:09:57","guid":{"rendered":"http:\/\/fram.is\/?p=3282"},"modified":"2013-05-15T13:09:57","modified_gmt":"2013-05-15T13:09:57","slug":"fram-saekir-val-heim-i-borgunarbikar-karla","status":"publish","type":"post","link":"http:\/\/fram.is\/is\/2013\/05\/15\/fram-saekir-val-heim-i-borgunarbikar-karla\/","title":{"rendered":"FRAM s\u00e6kir Val heim \u00ed Borgunarbikar karla"},"content":{"rendered":"<p><a href=\"http:\/\/fram.is\/wp-content\/uploads\/2013\/05\/Fram-Valur002.jpg\"><img fetchpriority=\"high\" decoding=\"async\" class=\"alignright size-medium wp-image-3284\" alt=\"Fram-Valur002\" src=\"http:\/\/fram.is\/wp-content\/uploads\/2013\/05\/Fram-Valur002-292x300.jpg\" width=\"292\" height=\"300\" \/><\/a>Karlali\u00f0 FRAM \u00ed knattspyrnu f\u00e6r \u00fea\u00f0 ver\u00f0uga verkefni a\u00f0 heims\u00e6kja Val \u00ed 32-li\u00f0a \u00farslitum Borgunarbikarkeppninnar, en dregi\u00f0 var n\u00fa \u00ed h\u00e1deginu. \u00a0Pepsideildarli\u00f0 m\u00e6tast innbyr\u00f0is \u00ed \u00feremur vi\u00f0ureignum \u00feessarar umfer\u00f0ar og bo\u00f0i\u00f0 er upp \u00e1 b\u00e6jarslag af bestu ger\u00f0 \u00feegar HK tekur \u00e1 m\u00f3ti Brei\u00f0abliki.<\/p>\n<p>Leikir 32-li\u00f0a \u00farslita Borgunarbikarkeppni karla eru \u00feessir:<br \/>\n\u00der\u00f3ttur R. &#8211; \u00cdBV<br \/>\nLeiknir R. &#8211; \u00c1rmann<br \/>\nMagni &#8211; \u00der\u00f3ttur V.<br \/>\nValur &#8211; FRAM<br \/>\nFylkir &#8211; V\u00f6lsungur<br \/>\n\u00c1lftanes &#8211; V\u00edkingur \u00d3.<br \/>\nFH &#8211; Keflav\u00edk<br \/>\nHK &#8211; Brei\u00f0ablik<br \/>\nKV &#8211; V\u00edkingur R.<br \/>\nSindri &#8211; \u00ddmir<br \/>\nGr\u00f3tta &#8211; H\u00f6ttur<br \/>\nHamar &#8211; Tindast\u00f3ll<br \/>\n\u00cdA &#8211; Selfoss<br \/>\nKR &#8211; Grindav\u00edk<br \/>\nB\u00cd\/Bolungarv\u00edk &#8211; Reynir S.<br \/>\n\u00de\u00f3r &#8211; Stjarnan<\/p>\n<p>Leikirnir eru settir \u00e1 mi\u00f0vikudaginn 29.ma\u00ed og fimmtudaginn 30.ma\u00ed, en s\u00e1 fyrirvari er \u00fe\u00f3 \u00e1 \u00feessum dagsetningum a\u00f0 innbyr\u00f0isvi\u00f0ureignir Pepsideildarli\u00f0a ver\u00f0a a\u00f0 \u00f6llum l\u00edkindum f\u00e6r\u00f0ar aftur um tvo e\u00f0a \u00ferj\u00e1 daga. \u00a0Endanleg leikjani\u00f0urr\u00f6\u00f0un ver\u00f0ur gefin \u00fat s\u00ed\u00f0ar \u00ed dag.<\/p>\n<p>\u00deetta ver\u00f0ur \u00ed sext\u00e1nda sinn sem FRAM og Valur m\u00e6tast \u00ed bikarkeppni KS\u00cd. \u00a0FRAM hefur fagna\u00f0 sigri \u00ed \u00e1tta bikarleikjum gegn Val (einu sinni \u00ed endurteknum leik eftir jafntefli) og Valur hefur unni\u00f0 sex sinnum, \u00fear af einu sinni eftir v\u00edtaspyrnukeppni.<br \/>\nFRAM vann s\u00ed\u00f0asta bikarleik \u00feessara f\u00e9laga, en hann f\u00f3r fram \u00e1 Laugardalsvelli \u00ed j\u00fal\u00ed 2010. \u00a0Halld\u00f3r Hermann J\u00f3nsson, T\u00f3mas Leifsson og Joe Tillen skoru\u00f0u fyrir FRAM og R\u00fanar M\u00e1r Sigurj\u00f3nsson fyrir Val, 3-1.<\/p>","protected":false},"excerpt":{"rendered":"<p>Karlali\u00f0 FRAM \u00ed knattspyrnu f\u00e6r \u00fea\u00f0 ver\u00f0uga verkefni a\u00f0 heims\u00e6kja Val \u00ed 32-li\u00f0a \u00farslitum Borgunarbikarkeppninnar, en dregi\u00f0 var n\u00fa \u00ed h\u00e1deginu. \u00a0Pepsideildarli\u00f0 m\u00e6tast innbyr\u00f0is \u00ed \u00feremur vi\u00f0ureignum \u00feessarar umfer\u00f0ar og [&hellip;]<\/p>","protected":false},"author":3,"featured_media":3283,"comment_status":"open","ping_status":"open","sticky":false,"template":"","format":"standard","meta":{"_monsterinsights_skip_tracking":false,"_monsterinsights_sitenote_active":false,"_monsterinsights_sitenote_note":"","_monsterinsights_sitenote_category":0,"_jetpack_memberships_contains_paid_content":false,"footnotes":""},"categories":[11,9],"tags":[],"class_list":["post-3282","post","type-post","status-publish","format-standard","has-post-thumbnail","hentry","category-mflkarla","category-fotbolti"],"jetpack_sharing_enabled":true,"jetpack_featured_media_url":"https:\/\/fram.is\/wp-content\/uploads\/2013\/05\/Fram-Valur003.jpg","_links":{"self":[{"href":"http:\/\/fram.is\/is\/wp-json\/wp\/v2\/posts\/3282","targetHints":{"allow":["GET"]}}],"collection":[{"href":"http:\/\/fram.is\/is\/wp-json\/wp\/v2\/posts"}],"about":[{"href":"http:\/\/fram.is\/is\/wp-json\/wp\/v2\/types\/post"}],"author":[{"embeddable":true,"href":"http:\/\/fram.is\/is\/wp-json\/wp\/v2\/users\/3"}],"replies":[{"embeddable":true,"href":"http:\/\/fram.is\/is\/wp-json\/wp\/v2\/comments?post=3282"}],"version-history":[{"count":0,"href":"http:\/\/fram.is\/is\/wp-json\/wp\/v2\/posts\/3282\/revisions"}],"wp:featuredmedia":[{"embeddable":true,"href":"http:\/\/fram.is\/is\/wp-json\/wp\/v2\/media\/3283"}],"wp:attachment":[{"href":"http:\/\/fram.is\/is\/wp-json\/wp\/v2\/media?parent=3282"}],"wp:term":[{"taxonomy":"category","embeddable":true,"href":"http:\/\/fram.is\/is\/wp-json\/wp\/v2\/categories?post=3282"},{"taxonomy":"post_tag","embeddable":true,"href":"http:\/\/fram.is\/is\/wp-json\/wp\/v2\/tags?post=3282"}],"curies":[{"name":"wp","href":"https:\/\/api.w.org\/{rel}","templated":true}]}}