{"id":10084,"date":"2015-04-14T14:41:56","date_gmt":"2015-04-14T14:41:56","guid":{"rendered":"http:\/\/fram.is\/?p=10084"},"modified":"2015-04-14T14:41:56","modified_gmt":"2015-04-14T14:41:56","slug":"fimm-leikmenn-mfl-kvenna-i-fotbolta-skrifa-undir-samninga-vid-fram","status":"publish","type":"post","link":"https:\/\/fram.is\/is\/2015\/04\/14\/fimm-leikmenn-mfl-kvenna-i-fotbolta-skrifa-undir-samninga-vid-fram\/","title":{"rendered":"Fimm leikmenn mfl. kvenna \u00ed f\u00f3tbolta, skrifa undir samninga vi\u00f0 FRAM"},"content":{"rendered":"<p><a href=\"http:\/\/fram.is\/wp-content\/uploads\/2015\/04\/Birna-j\u00f3na-og-anna.jpg\"><img fetchpriority=\"high\" decoding=\"async\" class=\"alignright size-medium wp-image-10085\" src=\"http:\/\/fram.is\/wp-content\/uploads\/2015\/04\/Birna-j\u00f3na-og-anna-300x225.jpg\" alt=\"Birna j\u00f3na og anna\" width=\"300\" height=\"225\" \/><\/a>Vi\u00f0 FRAMarar vorum a\u00f0 ganga fr\u00e1 \u00a0samningum vi\u00f0 5 leikmenn meistarflokks kvenna \u00ed f\u00f3tbolta. Um er a\u00f0 r\u00e6\u00f0a samninga til eins \u00e1rs en allir \u00feessir leikmenn hafa leiki\u00f0 fyrir FRAM \u00e1 li\u00f0num \u00e1rum.<br \/>\nBirna Sif Kristinsd\u00f3ttir hefur leiki\u00f0 me\u00f0 FRAM fr\u00e1 2010, er uppalinn \u00ed FRAM en l\u00e9k um t\u00edma me\u00f0 Fj\u00f6lni og Stj\u00f6rnunni.\u00a0 Brina hefur veri\u00f0 fasta ma\u00f0ur \u00ed FRAMli\u00f0inu s\u00ed\u00f0an 2010 og einn okkar albesti leikma\u00f0ur \u00e1 li\u00f0num \u00e1rum.<br \/>\nJ\u00f3na \u00d3lafsd\u00f3ttir gekk til li\u00f0 vi\u00f0 FRAM \u00e1ri\u00f0 2010 og l\u00e9k me\u00f0 okkur til \u00e1rsins 2014 \u00feegar h\u00fan l\u00e9k \u00e1 heimasl\u00f3\u00f0um. J\u00f3na er gr\u00ed\u00f0alega traustur leikma\u00f0ur og mikill fengur a\u00f0 f\u00e1 hana aftur til li\u00f0s vi\u00f0 FRAM.<br \/>\nAnna Marzell\u00edusard\u00f3ttir, Hildur H\u00e1lfd\u00e1nard\u00f3ttir\u00a0 og Margr\u00e9t Reg\u00edna Gr\u00e9tarsd\u00f3ttir gengu allar til li\u00f0s vi\u00f0 FRAM \u00e1ri\u00f0 2014 fr\u00e1 B\u00cd.\u00a0 Hildur l\u00e9k hinsvegar <a href=\"http:\/\/fram.is\/wp-content\/uploads\/2015\/04\/Margr\u00e9t-Reg\u00edna-go\u00f0.jpg\"><img decoding=\"async\" class=\"alignright size-medium wp-image-10090\" src=\"http:\/\/fram.is\/wp-content\/uploads\/2015\/04\/Margr\u00e9t-Reg\u00edna-go\u00f0-261x300.jpg\" alt=\"Margr\u00e9t Reg\u00edna go\u00f0\" width=\"261\" height=\"300\" \/><\/a>ekkert me\u00f0 li\u00f0inu \u00e1ri\u00f0 2014 h\u00e9lt aftur \u00e1 heimasl\u00f3\u00f0ir en Anna og Margr\u00e9t Reg\u00edna voru fastamenn \u00ed meistaraflokki FRAM \u00e1 s\u00ed\u00f0asta t\u00edmabili.\u00a0 \u00dea\u00f0 er mikill fengur a\u00f0 \u00fea\u00f0 s\u00e9 n\u00fana sta\u00f0festa a\u00f0 allir \u00feessir leikmenn \u00e6tli a\u00f0 leika me\u00f0 FRAM \u00ed sumar.<\/p>\n<p><a href=\"http:\/\/fram.is\/wp-content\/uploads\/2015\/04\/Hildur-H\u00e1lfd\u00e1nard-G\u00f3\u00f0.jpg\"><img decoding=\"async\" class=\"alignright size-medium wp-image-10091\" src=\"http:\/\/fram.is\/wp-content\/uploads\/2015\/04\/Hildur-H\u00e1lfd\u00e1nard-G\u00f3\u00f0-261x300.jpg\" alt=\"Hildur  H\u00e1lfd\u00e1nard G\u00f3\u00f0\" width=\"261\" height=\"300\" \/><\/a>\u00c1FRAM FRAM<\/p>","protected":false},"excerpt":{"rendered":"<p>Vi\u00f0 FRAMarar vorum a\u00f0 ganga fr\u00e1 \u00a0samningum vi\u00f0 5 leikmenn meistarflokks kvenna \u00ed f\u00f3tbolta. Um er a\u00f0 r\u00e6\u00f0a samninga til eins \u00e1rs en allir \u00feessir leikmenn hafa leiki\u00f0 fyrir FRAM [&hellip;]<\/p>","protected":false},"author":4,"featured_media":10088,"comment_status":"open","ping_status":"open","sticky":false,"template":"","format":"standard","meta":{"_monsterinsights_skip_tracking":false,"_monsterinsights_sitenote_active":false,"_monsterinsights_sitenote_note":"","_monsterinsights_sitenote_category":0,"_jetpack_memberships_contains_paid_content":false,"footnotes":""},"categories":[12,9],"tags":[],"class_list":["post-10084","post","type-post","status-publish","format-standard","has-post-thumbnail","hentry","category-mflkvenna","category-fotbolti"],"jetpack_sharing_enabled":true,"jetpack_featured_media_url":"https:\/\/fram.is\/wp-content\/uploads\/2015\/04\/j\u00f3na-Birna-og-Anna-skrifa-undir-vefur-scaled.jpg","_links":{"self":[{"href":"https:\/\/fram.is\/is\/wp-json\/wp\/v2\/posts\/10084","targetHints":{"allow":["GET"]}}],"collection":[{"href":"https:\/\/fram.is\/is\/wp-json\/wp\/v2\/posts"}],"about":[{"href":"https:\/\/fram.is\/is\/wp-json\/wp\/v2\/types\/post"}],"author":[{"embeddable":true,"href":"https:\/\/fram.is\/is\/wp-json\/wp\/v2\/users\/4"}],"replies":[{"embeddable":true,"href":"https:\/\/fram.is\/is\/wp-json\/wp\/v2\/comments?post=10084"}],"version-history":[{"count":0,"href":"https:\/\/fram.is\/is\/wp-json\/wp\/v2\/posts\/10084\/revisions"}],"wp:featuredmedia":[{"embeddable":true,"href":"https:\/\/fram.is\/is\/wp-json\/wp\/v2\/media\/10088"}],"wp:attachment":[{"href":"https:\/\/fram.is\/is\/wp-json\/wp\/v2\/media?parent=10084"}],"wp:term":[{"taxonomy":"category","embeddable":true,"href":"https:\/\/fram.is\/is\/wp-json\/wp\/v2\/categories?post=10084"},{"taxonomy":"post_tag","embeddable":true,"href":"https:\/\/fram.is\/is\/wp-json\/wp\/v2\/tags?post=10084"}],"curies":[{"name":"wp","href":"https:\/\/api.w.org\/{rel}","templated":true}]}}