{"id":10212,"date":"2015-04-24T13:47:05","date_gmt":"2015-04-24T13:47:05","guid":{"rendered":"http:\/\/fram.is\/?p=10212"},"modified":"2015-04-24T13:47:05","modified_gmt":"2015-04-24T13:47:05","slug":"meistaraflokkur-karla-i-aefingaferd-a-sudurlandi","status":"publish","type":"post","link":"https:\/\/fram.is\/is\/2015\/04\/24\/meistaraflokkur-karla-i-aefingaferd-a-sudurlandi\/","title":{"rendered":"Meistaraflokkur karla \u00ed \u00e6fingafer\u00f0 \u00e1 Su\u00f0urlandi"},"content":{"rendered":"<p>Meistaraflokkur karla \u00ed knattspyrnu hefur dvali\u00f0 \u00ec g\u00f3\u00f0u yfirl\u00e6ti vi\u00f0 \u00e6fingar og keppni \u00e0 Selfossi og \u00ec Hverager\u00f0i fr\u00e0 \u00fev\u00ec \u00e0 mi\u00f0vikudag.<\/p>\n<p>H\u00f2purinn gisti \u00e0 H\u00f2tel Selfossi, \u00e6f\u00f0i tv\u00ecvegis \u00ec uppbl\u00e0sna knattspyrnuh\u00f9sinu \u00ec Hverager\u00f0i og l\u00e9k \u00e6fingaleik gegn li\u00f0i KFR \u00e0 gervigrasvellinum \u00e0 Selfossi. Leiknum lauk me\u00f0 5-0 sigri FRAM og m\u00f6rkin skoru\u00f0u Tryggvi Bjarna, Ey\u00fe\u00f2r Helgi, Sigur\u00f0ur \u00der\u00e0inn og J\u00f6kull sem setti tv\u00f6.<\/p>\n<p>Virkilega vel heppnu\u00f0 \u00e6fingafer\u00f0 og n\u00f9 er framundan lokaundirb\u00f9ningur fyrir keppni \u00ec 1. deild sem hefst me\u00f0 \u00f9tileik gegn KA fyrir nor\u00f0an laugardaginn 9.ma\u00ec.<\/p>\n<p><a href=\"http:\/\/fram.is\/wp-content\/uploads\/2015\/04\/20150423_132037.jpg\"><img fetchpriority=\"high\" decoding=\"async\" class=\"aligncenter size-medium wp-image-10213\" src=\"http:\/\/fram.is\/wp-content\/uploads\/2015\/04\/20150423_132037-300x169.jpg\" alt=\"20150423_132037\" width=\"300\" height=\"169\" srcset=\"https:\/\/fram.is\/wp-content\/uploads\/2015\/04\/20150423_132037-300x169.jpg 300w, https:\/\/fram.is\/wp-content\/uploads\/2015\/04\/20150423_132037-scaled-800x450.jpg 800w, https:\/\/fram.is\/wp-content\/uploads\/2015\/04\/20150423_132037-1024x576.jpg 1024w, https:\/\/fram.is\/wp-content\/uploads\/2015\/04\/20150423_132037-768x432.jpg 768w, https:\/\/fram.is\/wp-content\/uploads\/2015\/04\/20150423_132037-1536x864.jpg 1536w, https:\/\/fram.is\/wp-content\/uploads\/2015\/04\/20150423_132037-2048x1152.jpg 2048w\" sizes=\"(max-width: 300px) 100vw, 300px\" \/><\/a><\/p>","protected":false},"excerpt":{"rendered":"<p>Meistaraflokkur karla \u00ed knattspyrnu hefur dvali\u00f0 \u00ec g\u00f3\u00f0u yfirl\u00e6ti vi\u00f0 \u00e6fingar og keppni \u00e0 Selfossi og \u00ec Hverager\u00f0i fr\u00e0 \u00fev\u00ec \u00e0 mi\u00f0vikudag. H\u00f2purinn gisti \u00e0 H\u00f2tel Selfossi, \u00e6f\u00f0i tv\u00ecvegis \u00ec [&hellip;]<\/p>","protected":false},"author":6,"featured_media":10213,"comment_status":"open","ping_status":"open","sticky":false,"template":"","format":"standard","meta":{"_monsterinsights_skip_tracking":false,"_monsterinsights_sitenote_active":false,"_monsterinsights_sitenote_note":"","_monsterinsights_sitenote_category":0,"_jetpack_memberships_contains_paid_content":false,"footnotes":""},"categories":[11,9],"tags":[],"class_list":["post-10212","post","type-post","status-publish","format-standard","has-post-thumbnail","hentry","category-mflkarla","category-fotbolti"],"jetpack_sharing_enabled":true,"jetpack_featured_media_url":"https:\/\/fram.is\/wp-content\/uploads\/2015\/04\/20150423_132037-scaled.jpg","_links":{"self":[{"href":"https:\/\/fram.is\/is\/wp-json\/wp\/v2\/posts\/10212","targetHints":{"allow":["GET"]}}],"collection":[{"href":"https:\/\/fram.is\/is\/wp-json\/wp\/v2\/posts"}],"about":[{"href":"https:\/\/fram.is\/is\/wp-json\/wp\/v2\/types\/post"}],"author":[{"embeddable":true,"href":"https:\/\/fram.is\/is\/wp-json\/wp\/v2\/users\/6"}],"replies":[{"embeddable":true,"href":"https:\/\/fram.is\/is\/wp-json\/wp\/v2\/comments?post=10212"}],"version-history":[{"count":0,"href":"https:\/\/fram.is\/is\/wp-json\/wp\/v2\/posts\/10212\/revisions"}],"wp:featuredmedia":[{"embeddable":true,"href":"https:\/\/fram.is\/is\/wp-json\/wp\/v2\/media\/10213"}],"wp:attachment":[{"href":"https:\/\/fram.is\/is\/wp-json\/wp\/v2\/media?parent=10212"}],"wp:term":[{"taxonomy":"category","embeddable":true,"href":"https:\/\/fram.is\/is\/wp-json\/wp\/v2\/categories?post=10212"},{"taxonomy":"post_tag","embeddable":true,"href":"https:\/\/fram.is\/is\/wp-json\/wp\/v2\/tags?post=10212"}],"curies":[{"name":"wp","href":"https:\/\/api.w.org\/{rel}","templated":true}]}}