{"id":10695,"date":"2015-07-05T11:00:43","date_gmt":"2015-07-05T11:00:43","guid":{"rendered":"http:\/\/fram.is\/?p=10695"},"modified":"2015-07-05T11:00:43","modified_gmt":"2015-07-05T11:00:43","slug":"arnar-freyr-valinn-i-urvalslid-opna-evropumotsins-i-handbolta","status":"publish","type":"post","link":"https:\/\/fram.is\/is\/2015\/07\/05\/arnar-freyr-valinn-i-urvalslid-opna-evropumotsins-i-handbolta\/","title":{"rendered":"Arnar Freyr valinn \u00ed \u00farvalsli\u00f0 Opna Evr\u00f3pum\u00f3tsins \u00ed handbolta"},"content":{"rendered":"<p><a href=\"http:\/\/fram.is\/wp-content\/uploads\/2015\/07\/Arnar-freyr-arnarsson.jpg\"><img fetchpriority=\"high\" decoding=\"async\" class=\"alignright size-medium wp-image-10696\" src=\"http:\/\/fram.is\/wp-content\/uploads\/2015\/07\/Arnar-freyr-arnarsson-225x300.jpg\" alt=\"Arnar-freyr-arnarsson\" width=\"225\" height=\"300\" \/><\/a>Landsli\u00f0 \u00cdslands U-19 sigra\u00f0i um helgina \u00e1 Opna Evr\u00f3pumeistaram\u00f3tinu sem haldi\u00f0 var \u00ed Gautaborg en m\u00f3ti\u00f0 er spila\u00f0 samhli\u00f0a Partille-cup sem margir FRAMarar \u00feekkja.\u00a0 Vi\u00f0 FRAMarar \u00e1ttum tvo fulltr\u00faa \u00ed landsli\u00f0h\u00f3pi \u00cdslands en \u00fea\u00f0 voru \u00feeir Arnar Freyr Arnarsson og \u00d3\u00f0inn \u00de\u00f3r R\u00edkhar\u00f0sson.\u00a0 Str\u00e1karnir spilu\u00f0 vel \u00e1 m\u00f3tinu, \u00a0Arnar Freyr var svo a\u00f0 m\u00f3tinu loknu valinn \u00ed \u00farvalsli\u00f0 m\u00f3tisins, en Arnar Freyr sem leikur sem l\u00ednuma\u00f0ur \u00fe\u00f3tti leika s\u00e9rlega vel b\u00e6\u00f0i \u00ed v\u00f6rn og s\u00f3kn. \u00a0\u00d3\u00f0inn \u00de\u00f3r st\u00f3\u00f0 sig einnig vel \u00e1 m\u00f3tinu og sett ein 16 m\u00f6rk. M\u00f3ti\u00f0 \u00ed Sv\u00ed\u00fej\u00f3\u00f0 er undirb\u00fanigur fyrir lokam\u00f3t HM \u00ed \u00feessum aldursflokki en landsli\u00f0 \u00cdslands mun taka \u00fe\u00e1tt \u00ed \u00fev\u00ed m\u00f3ti sem ver\u00f0ur haldi\u00f0 \u00ed R\u00fasslandi s\u00ed\u00f0ar \u00ed sumar. \u00dea\u00f0 ver\u00f0ur \u00fev\u00ed spennandi a\u00f0 fylgjast me\u00f0 okkar m\u00f6nnum \u00e1 \u00fev\u00ed m\u00f3ti.<\/p>\n<p>Til hamingju str\u00e1kar og gangi ykkur vel.<\/p>\n<p>\u00c1FRAM FRAM<\/p>","protected":false},"excerpt":{"rendered":"<p>Landsli\u00f0 \u00cdslands U-19 sigra\u00f0i um helgina \u00e1 Opna Evr\u00f3pumeistaram\u00f3tinu sem haldi\u00f0 var \u00ed Gautaborg en m\u00f3ti\u00f0 er spila\u00f0 samhli\u00f0a Partille-cup sem margir FRAMarar \u00feekkja.\u00a0 Vi\u00f0 FRAMarar \u00e1ttum tvo fulltr\u00faa \u00ed [&hellip;]<\/p>","protected":false},"author":4,"featured_media":8558,"comment_status":"open","ping_status":"open","sticky":false,"template":"","format":"standard","meta":{"_monsterinsights_skip_tracking":false,"_monsterinsights_sitenote_active":false,"_monsterinsights_sitenote_note":"","_monsterinsights_sitenote_category":0,"_jetpack_memberships_contains_paid_content":false,"footnotes":""},"categories":[7,6,19],"tags":[],"class_list":["post-10695","post","type-post","status-publish","format-standard","has-post-thumbnail","hentry","category-yngri-flokkar","category-handbolti","category-mfl-karla"],"jetpack_sharing_enabled":true,"jetpack_featured_media_url":"https:\/\/fram.is\/wp-content\/uploads\/2014\/10\/Arnar-freyr-vefur.jpg","_links":{"self":[{"href":"https:\/\/fram.is\/is\/wp-json\/wp\/v2\/posts\/10695","targetHints":{"allow":["GET"]}}],"collection":[{"href":"https:\/\/fram.is\/is\/wp-json\/wp\/v2\/posts"}],"about":[{"href":"https:\/\/fram.is\/is\/wp-json\/wp\/v2\/types\/post"}],"author":[{"embeddable":true,"href":"https:\/\/fram.is\/is\/wp-json\/wp\/v2\/users\/4"}],"replies":[{"embeddable":true,"href":"https:\/\/fram.is\/is\/wp-json\/wp\/v2\/comments?post=10695"}],"version-history":[{"count":0,"href":"https:\/\/fram.is\/is\/wp-json\/wp\/v2\/posts\/10695\/revisions"}],"wp:featuredmedia":[{"embeddable":true,"href":"https:\/\/fram.is\/is\/wp-json\/wp\/v2\/media\/8558"}],"wp:attachment":[{"href":"https:\/\/fram.is\/is\/wp-json\/wp\/v2\/media?parent=10695"}],"wp:term":[{"taxonomy":"category","embeddable":true,"href":"https:\/\/fram.is\/is\/wp-json\/wp\/v2\/categories?post=10695"},{"taxonomy":"post_tag","embeddable":true,"href":"https:\/\/fram.is\/is\/wp-json\/wp\/v2\/tags?post=10695"}],"curies":[{"name":"wp","href":"https:\/\/api.w.org\/{rel}","templated":true}]}}