{"id":10802,"date":"2015-07-16T12:08:50","date_gmt":"2015-07-16T12:08:50","guid":{"rendered":"http:\/\/fram.is\/?p=10802"},"modified":"2015-07-16T12:08:50","modified_gmt":"2015-07-16T12:08:50","slug":"hrannar-einarsson-gengur-til-lids-vid-fram","status":"publish","type":"post","link":"https:\/\/fram.is\/is\/2015\/07\/16\/hrannar-einarsson-gengur-til-lids-vid-fram\/","title":{"rendered":"Hrannar Einarsson gengur til li\u00f0s vi\u00f0 FRAM"},"content":{"rendered":"<p><a href=\"http:\/\/fram.is\/wp-content\/uploads\/2015\/07\/Einarsson.jpg\"><img fetchpriority=\"high\" decoding=\"async\" class=\"alignright size-medium wp-image-10784\" src=\"http:\/\/fram.is\/wp-content\/uploads\/2015\/07\/Einarsson-300x261.jpg\" alt=\"Einarsson\" width=\"300\" height=\"261\" \/><\/a>Hrannar Einarsson hefur gengi\u00f0 \u00ed ra\u00f0ir okkar FRAMara. Hrannar er f\u00e6ddur \u00e1ri\u00f0 1994, er uppalinn Bliki, l\u00e9k me\u00f0 Brei\u00f0abilk upp alla yngri flokka en kemur til okkar fr\u00e1 \u00cdR. Hrannar er fj\u00f6lh\u00e6fur leikma\u00f0ur og getur leyst margar st\u00f6\u00f0ur \u00e1 vellinum en er mi\u00f0juma\u00f0ur a\u00f0 upplagi.\u00a0 Vi\u00f0 FRAMarar f\u00f6gnum komu Hrannars og hl\u00f6kkum til a\u00f0 sj\u00e1 hann \u00e1 vellinum.<\/p>\n<p>Knattspyrnudeild FRAM<\/p>","protected":false},"excerpt":{"rendered":"<p>Hrannar Einarsson hefur gengi\u00f0 \u00ed ra\u00f0ir okkar FRAMara. Hrannar er f\u00e6ddur \u00e1ri\u00f0 1994, er uppalinn Bliki, l\u00e9k me\u00f0 Brei\u00f0abilk upp alla yngri flokka en kemur til okkar fr\u00e1 \u00cdR. Hrannar [&hellip;]<\/p>","protected":false},"author":4,"featured_media":10785,"comment_status":"open","ping_status":"open","sticky":false,"template":"","format":"standard","meta":{"_monsterinsights_skip_tracking":false,"_monsterinsights_sitenote_active":false,"_monsterinsights_sitenote_note":"","_monsterinsights_sitenote_category":0,"_jetpack_memberships_contains_paid_content":false,"footnotes":""},"categories":[11,9],"tags":[],"class_list":["post-10802","post","type-post","status-publish","format-standard","has-post-thumbnail","hentry","category-mflkarla","category-fotbolti"],"jetpack_sharing_enabled":true,"jetpack_featured_media_url":"https:\/\/fram.is\/wp-content\/uploads\/2015\/07\/Einarsson-vefur-scaled.jpg","_links":{"self":[{"href":"https:\/\/fram.is\/is\/wp-json\/wp\/v2\/posts\/10802","targetHints":{"allow":["GET"]}}],"collection":[{"href":"https:\/\/fram.is\/is\/wp-json\/wp\/v2\/posts"}],"about":[{"href":"https:\/\/fram.is\/is\/wp-json\/wp\/v2\/types\/post"}],"author":[{"embeddable":true,"href":"https:\/\/fram.is\/is\/wp-json\/wp\/v2\/users\/4"}],"replies":[{"embeddable":true,"href":"https:\/\/fram.is\/is\/wp-json\/wp\/v2\/comments?post=10802"}],"version-history":[{"count":0,"href":"https:\/\/fram.is\/is\/wp-json\/wp\/v2\/posts\/10802\/revisions"}],"wp:featuredmedia":[{"embeddable":true,"href":"https:\/\/fram.is\/is\/wp-json\/wp\/v2\/media\/10785"}],"wp:attachment":[{"href":"https:\/\/fram.is\/is\/wp-json\/wp\/v2\/media?parent=10802"}],"wp:term":[{"taxonomy":"category","embeddable":true,"href":"https:\/\/fram.is\/is\/wp-json\/wp\/v2\/categories?post=10802"},{"taxonomy":"post_tag","embeddable":true,"href":"https:\/\/fram.is\/is\/wp-json\/wp\/v2\/tags?post=10802"}],"curies":[{"name":"wp","href":"https:\/\/api.w.org\/{rel}","templated":true}]}}