{"id":10804,"date":"2015-07-16T16:23:27","date_gmt":"2015-07-16T16:23:27","guid":{"rendered":"http:\/\/fram.is\/?p=10804"},"modified":"2015-07-16T16:23:27","modified_gmt":"2015-07-16T16:23:27","slug":"david-einarsson-gengur-til-lids-vid-fram","status":"publish","type":"post","link":"https:\/\/fram.is\/is\/2015\/07\/16\/david-einarsson-gengur-til-lids-vid-fram\/","title":{"rendered":"Dav\u00ed\u00f0 Einarsson gengur til li\u00f0s vi\u00f0 FRAM"},"content":{"rendered":"<p><a href=\"http:\/\/fram.is\/wp-content\/uploads\/2015\/07\/Dav\u00edk-Einarsson.jpg\"><img fetchpriority=\"high\" decoding=\"async\" class=\"alignright size-medium wp-image-10806\" src=\"http:\/\/fram.is\/wp-content\/uploads\/2015\/07\/Dav\u00edk-Einarsson-300x261.jpg\" alt=\"Dav\u00edk Einarsson\" width=\"300\" height=\"261\" \/><\/a>Mi\u00f0juma\u00f0urinn Dav\u00ed\u00f0 Einarsson er kominn til Fram \u00e1 l\u00e1ni fr\u00e1 Fylki. Davi\u00f0 sem er f\u00e6ddur \u00e1ri\u00f0 1992 \u00e1 a\u00f0 baki 15 m\u00f3tsleiki fyrir meistaraflokka Fylkir og KR \u00a0\u00ed Pepsi-deild. \u00a0Dav\u00ed\u00f0 hefur mest leiki\u00f0 \u00e1 mi\u00f0junni og \u00fe\u00e1 sem framliggjandi mi\u00f0juma\u00f0ur. Fram fagnar komu \u00feessa \u00f6fluga mi\u00f0jumanns og hlakkar til samstarfsins.<\/p>\n<p>Knattspyrnudeild FRAM<\/p>","protected":false},"excerpt":{"rendered":"<p>Mi\u00f0juma\u00f0urinn Dav\u00ed\u00f0 Einarsson er kominn til Fram \u00e1 l\u00e1ni fr\u00e1 Fylki. Davi\u00f0 sem er f\u00e6ddur \u00e1ri\u00f0 1992 \u00e1 a\u00f0 baki 15 m\u00f3tsleiki fyrir meistaraflokka Fylkir og KR \u00a0\u00ed Pepsi-deild. \u00a0Dav\u00ed\u00f0 [&hellip;]<\/p>","protected":false},"author":4,"featured_media":10805,"comment_status":"open","ping_status":"open","sticky":false,"template":"","format":"standard","meta":{"_monsterinsights_skip_tracking":false,"_monsterinsights_sitenote_active":false,"_monsterinsights_sitenote_note":"","_monsterinsights_sitenote_category":0,"_jetpack_memberships_contains_paid_content":false,"footnotes":""},"categories":[11,9],"tags":[],"class_list":["post-10804","post","type-post","status-publish","format-standard","has-post-thumbnail","hentry","category-mflkarla","category-fotbolti"],"jetpack_sharing_enabled":true,"jetpack_featured_media_url":"https:\/\/fram.is\/wp-content\/uploads\/2015\/07\/vefur-Davi\u00f0-scaled.jpg","_links":{"self":[{"href":"https:\/\/fram.is\/is\/wp-json\/wp\/v2\/posts\/10804","targetHints":{"allow":["GET"]}}],"collection":[{"href":"https:\/\/fram.is\/is\/wp-json\/wp\/v2\/posts"}],"about":[{"href":"https:\/\/fram.is\/is\/wp-json\/wp\/v2\/types\/post"}],"author":[{"embeddable":true,"href":"https:\/\/fram.is\/is\/wp-json\/wp\/v2\/users\/4"}],"replies":[{"embeddable":true,"href":"https:\/\/fram.is\/is\/wp-json\/wp\/v2\/comments?post=10804"}],"version-history":[{"count":0,"href":"https:\/\/fram.is\/is\/wp-json\/wp\/v2\/posts\/10804\/revisions"}],"wp:featuredmedia":[{"embeddable":true,"href":"https:\/\/fram.is\/is\/wp-json\/wp\/v2\/media\/10805"}],"wp:attachment":[{"href":"https:\/\/fram.is\/is\/wp-json\/wp\/v2\/media?parent=10804"}],"wp:term":[{"taxonomy":"category","embeddable":true,"href":"https:\/\/fram.is\/is\/wp-json\/wp\/v2\/categories?post=10804"},{"taxonomy":"post_tag","embeddable":true,"href":"https:\/\/fram.is\/is\/wp-json\/wp\/v2\/tags?post=10804"}],"curies":[{"name":"wp","href":"https:\/\/api.w.org\/{rel}","templated":true}]}}