{"id":10899,"date":"2015-08-13T13:16:57","date_gmt":"2015-08-13T13:16:57","guid":{"rendered":"http:\/\/fram.is\/?p=10899"},"modified":"2015-08-13T13:16:57","modified_gmt":"2015-08-13T13:16:57","slug":"helgi-gudjonsson-semur-vid-fram","status":"publish","type":"post","link":"https:\/\/fram.is\/is\/2015\/08\/13\/helgi-gudjonsson-semur-vid-fram\/","title":{"rendered":"Helgi Gu\u00f0j\u00f3nsson semur vi\u00f0 FRAM"},"content":{"rendered":"<p><a href=\"http:\/\/fram.is\/wp-content\/uploads\/2015\/08\/Helgi-og-j\u00fall\u00ed-g\u00f3\u00f0.jpg\"><img fetchpriority=\"high\" decoding=\"async\" class=\"alignright size-medium wp-image-10900\" src=\"http:\/\/fram.is\/wp-content\/uploads\/2015\/08\/Helgi-og-j\u00fall\u00ed-g\u00f3\u00f0-300x261.jpg\" alt=\"Helgi og j\u00fall\u00ed g\u00f3\u00f0\" width=\"300\" height=\"261\" \/><\/a>Helgi Gu\u00f0j\u00f3nsson hefur skrifa\u00f0 undir \u00a0tveggja \u00e1ra samning vi\u00f0 FRAM. Helgi er uppalinn \u00ed FRAM \u00fe\u00f3 drengurinn eigi heima \u00ed Borgarfir\u00f0i en hann m\u00e6tir \u00e1 \u00e6fingar h\u00e9r \u00ed b\u00e6num eftir \u00fev\u00ed sem hann hefur t\u00f6k \u00e1 og hefur veri\u00f0 gr\u00ed\u00f0arlega duglegur a\u00f0 sinna \u00e6fingum allt \u00e1ri\u00f0 \u00fer\u00e1tt fyrir a\u00f0 \u00feurfa a\u00f0 aka um 200 km \u00e1 \u00e6fingar. Helgi er einn af okkar efnilegustu leikm\u00f6nnum, leikur \u00ed st\u00f6\u00f0u framherja og hefur \u00e1tt fast s\u00e6ti \u00ed \u00f6llum yngri landsli\u00f0um \u00cdslands \u00e1 undanf\u00f6rnum \u00e1rum.\u00a0 Helgi mun n\u00fana \u00ed vetur f\u00e6ra sig um set og hefja n\u00e1m \u00ed borginn og \u00fev\u00ed ver\u00f0ur au\u00f0veldara fyrir Helga a\u00f0 sinna \u00e6fingum af fullum krafti.\u00a0 \u00dea\u00f0 er \u00fev\u00ed miki\u00f0 fagna\u00f0arefni fyrir okkur FRAMara a\u00f0 hafa tryggt okkur krafta Helga n\u00e6stu tv\u00f6 \u00e1rin hi\u00f0 minnsta og ver\u00f0ur spennandi a\u00f0 fylgjast me\u00f0 honum vaxa \u00e1 n\u00e6stu \u00e1rum.<\/p>\n<p>Knattspyrnudeild FRAM<\/p>","protected":false},"excerpt":{"rendered":"<p>Helgi Gu\u00f0j\u00f3nsson hefur skrifa\u00f0 undir \u00a0tveggja \u00e1ra samning vi\u00f0 FRAM. Helgi er uppalinn \u00ed FRAM \u00fe\u00f3 drengurinn eigi heima \u00ed Borgarfir\u00f0i en hann m\u00e6tir \u00e1 \u00e6fingar h\u00e9r \u00ed b\u00e6num eftir [&hellip;]<\/p>","protected":false},"author":4,"featured_media":10901,"comment_status":"open","ping_status":"open","sticky":false,"template":"","format":"standard","meta":{"_monsterinsights_skip_tracking":false,"_monsterinsights_sitenote_active":false,"_monsterinsights_sitenote_note":"","_monsterinsights_sitenote_category":0,"_jetpack_memberships_contains_paid_content":false,"footnotes":""},"categories":[11,9,13],"tags":[],"class_list":["post-10899","post","type-post","status-publish","format-standard","has-post-thumbnail","hentry","category-mflkarla","category-fotbolti","category-yngriflokkar"],"jetpack_sharing_enabled":true,"jetpack_featured_media_url":"https:\/\/fram.is\/wp-content\/uploads\/2015\/08\/Helgi-vefur-scaled.jpg","_links":{"self":[{"href":"https:\/\/fram.is\/is\/wp-json\/wp\/v2\/posts\/10899","targetHints":{"allow":["GET"]}}],"collection":[{"href":"https:\/\/fram.is\/is\/wp-json\/wp\/v2\/posts"}],"about":[{"href":"https:\/\/fram.is\/is\/wp-json\/wp\/v2\/types\/post"}],"author":[{"embeddable":true,"href":"https:\/\/fram.is\/is\/wp-json\/wp\/v2\/users\/4"}],"replies":[{"embeddable":true,"href":"https:\/\/fram.is\/is\/wp-json\/wp\/v2\/comments?post=10899"}],"version-history":[{"count":0,"href":"https:\/\/fram.is\/is\/wp-json\/wp\/v2\/posts\/10899\/revisions"}],"wp:featuredmedia":[{"embeddable":true,"href":"https:\/\/fram.is\/is\/wp-json\/wp\/v2\/media\/10901"}],"wp:attachment":[{"href":"https:\/\/fram.is\/is\/wp-json\/wp\/v2\/media?parent=10899"}],"wp:term":[{"taxonomy":"category","embeddable":true,"href":"https:\/\/fram.is\/is\/wp-json\/wp\/v2\/categories?post=10899"},{"taxonomy":"post_tag","embeddable":true,"href":"https:\/\/fram.is\/is\/wp-json\/wp\/v2\/tags?post=10899"}],"curies":[{"name":"wp","href":"https:\/\/api.w.org\/{rel}","templated":true}]}}