{"id":10989,"date":"2015-08-24T10:17:28","date_gmt":"2015-08-24T10:17:28","guid":{"rendered":"http:\/\/fram.is\/?p=10989"},"modified":"2015-08-24T10:17:28","modified_gmt":"2015-08-24T10:17:28","slug":"meisam-rafiei-radinn-nyr-yfirthjalfari-hja-taekwondodeild-fram","status":"publish","type":"post","link":"https:\/\/fram.is\/is\/2015\/08\/24\/meisam-rafiei-radinn-nyr-yfirthjalfari-hja-taekwondodeild-fram\/","title":{"rendered":"Meisam Rafiei r\u00e1\u00f0inn n\u00fdr yfir\u00fej\u00e1lfari hj\u00e1 Taekwondodeild Fram."},"content":{"rendered":"<p><a href=\"http:\/\/fram.is\/wp-content\/uploads\/2015\/08\/Meisam-\u00e1-\u00e6fingu.jpg\"><img fetchpriority=\"high\" decoding=\"async\" class=\"alignright size-medium wp-image-10990\" src=\"http:\/\/fram.is\/wp-content\/uploads\/2015\/08\/Meisam-\u00e1-\u00e6fingu-200x300.jpg\" alt=\"Meisam \u00e1 \u00e6fingu\" width=\"200\" height=\"300\" \/><\/a>Meisam er fyrrverandi landsli\u00f0s\u00fej\u00e1lfari \u00cdslands, heimsmeistari og v\u00e6ntanlegur kand\u00eddat \u00cdslands \u00e1 \u00d3lymp\u00eduleikunum \u00ed R\u00ed\u00f3 2016. Vi\u00f0 erum gr\u00ed\u00f0arlega \u00e1n\u00e6g\u00f0 me\u00f0 a\u00f0 f\u00e1 Meisam \u00ed okkar ra\u00f0ir og lj\u00f3st a\u00f0 vi\u00f0 getum \u00f6ll l\u00e6rt miki\u00f0 af \u00feessum fr\u00e1b\u00e6ra taekwondo-kappa.<br \/>\n\u00c6fingarnar byrja kl. 18:00 \u00feri\u00f0judaginn 1. september \u00ed Ingunnarsk\u00f3la og eru allir velkomnir, b\u00e6\u00f0i \u00feeir sem vilja horfa \u00e1 \u00e6finguna og \u00feeir sem vilja \u00e6fa.<\/p>\n<p>Taekwondodeild FRAM<\/p>\n<p>&nbsp;<\/p>","protected":false},"excerpt":{"rendered":"<p>Meisam er fyrrverandi landsli\u00f0s\u00fej\u00e1lfari \u00cdslands, heimsmeistari og v\u00e6ntanlegur kand\u00eddat \u00cdslands \u00e1 \u00d3lymp\u00eduleikunum \u00ed R\u00ed\u00f3 2016. Vi\u00f0 erum gr\u00ed\u00f0arlega \u00e1n\u00e6g\u00f0 me\u00f0 a\u00f0 f\u00e1 Meisam \u00ed okkar ra\u00f0ir og lj\u00f3st a\u00f0 vi\u00f0 [&hellip;]<\/p>","protected":false},"author":4,"featured_media":10382,"comment_status":"open","ping_status":"open","sticky":false,"template":"","format":"standard","meta":{"_monsterinsights_skip_tracking":false,"_monsterinsights_sitenote_active":false,"_monsterinsights_sitenote_note":"","_monsterinsights_sitenote_category":0,"_jetpack_memberships_contains_paid_content":false,"footnotes":""},"categories":[18],"tags":[],"class_list":["post-10989","post","type-post","status-publish","format-standard","has-post-thumbnail","hentry","category-taekwondo"],"jetpack_sharing_enabled":true,"jetpack_featured_media_url":"https:\/\/fram.is\/wp-content\/uploads\/2015\/05\/Stelpur-\u00ed-beltapr\u00f3fi-m\u00e1i-2015-scaled.jpg","_links":{"self":[{"href":"https:\/\/fram.is\/is\/wp-json\/wp\/v2\/posts\/10989","targetHints":{"allow":["GET"]}}],"collection":[{"href":"https:\/\/fram.is\/is\/wp-json\/wp\/v2\/posts"}],"about":[{"href":"https:\/\/fram.is\/is\/wp-json\/wp\/v2\/types\/post"}],"author":[{"embeddable":true,"href":"https:\/\/fram.is\/is\/wp-json\/wp\/v2\/users\/4"}],"replies":[{"embeddable":true,"href":"https:\/\/fram.is\/is\/wp-json\/wp\/v2\/comments?post=10989"}],"version-history":[{"count":0,"href":"https:\/\/fram.is\/is\/wp-json\/wp\/v2\/posts\/10989\/revisions"}],"wp:featuredmedia":[{"embeddable":true,"href":"https:\/\/fram.is\/is\/wp-json\/wp\/v2\/media\/10382"}],"wp:attachment":[{"href":"https:\/\/fram.is\/is\/wp-json\/wp\/v2\/media?parent=10989"}],"wp:term":[{"taxonomy":"category","embeddable":true,"href":"https:\/\/fram.is\/is\/wp-json\/wp\/v2\/categories?post=10989"},{"taxonomy":"post_tag","embeddable":true,"href":"https:\/\/fram.is\/is\/wp-json\/wp\/v2\/tags?post=10989"}],"curies":[{"name":"wp","href":"https:\/\/api.w.org\/{rel}","templated":true}]}}