{"id":11033,"date":"2015-08-26T23:54:01","date_gmt":"2015-08-26T23:54:01","guid":{"rendered":"http:\/\/fram.is\/?p=11033"},"modified":"2015-08-26T23:54:01","modified_gmt":"2015-08-26T23:54:01","slug":"oruggur-fram-sigur-gegn-umfa","status":"publish","type":"post","link":"https:\/\/fram.is\/is\/2015\/08\/26\/oruggur-fram-sigur-gegn-umfa\/","title":{"rendered":"\u00d6ruggur FRAM sigur gegn UMFA"},"content":{"rendered":"<p><a href=\"http:\/\/fram.is\/wp-content\/uploads\/2014\/09\/Ragnhei\u00f0ur-Fylkir.jpg\"><img fetchpriority=\"high\" decoding=\"async\" class=\"alignright size-medium wp-image-8315\" src=\"http:\/\/fram.is\/wp-content\/uploads\/2014\/09\/Ragnhei\u00f0ur-Fylkir-300x300.jpg\" alt=\"Ragnhei\u00f0ur  Fylkir\" width=\"300\" height=\"300\" \/><\/a>FRAM h\u00f3f leik \u00e1 Subway m\u00f3ti Gr\u00f3ttu \u00ed kv\u00f6ld og var fyrsti leikurinn gegn Aftureldingu.<br \/>\nFRAM byrja\u00f0i af krafti og n\u00e1\u00f0i strax \u00fe\u00e6gilegri forystu. \u00a0\u00cd lok fyrri h\u00e1lfleiks var a\u00f0eins slaka\u00f0 \u00e1 og Afturelding minnka\u00f0i muninn. \u00a0Sta\u00f0an \u00ed h\u00e1lfleik var 15 &#8211; 7.<br \/>\n\u00cd seinni h\u00e1lfleik byrja\u00f0i FRAM vel og Gu\u00f0r\u00fan loka\u00f0i \u00ed markinu. \u00a0Eftir um 20 m\u00edn\u00fatur \u00ed seinni h\u00e1lfleik var munurinn or\u00f0inn 18 m\u00f6rk, 27 &#8211; 9. \u00a0S\u00e1 munur h\u00e9lst til loka leiks sem enda\u00f0i me\u00f0 \u00f6ruggum sigri FRAM 32 &#8211; 14.<br \/>\n\u00dea\u00f0 reyndi e.t.v. ekki miki\u00f0 \u00e1 FRAM li\u00f0i\u00f0 \u00ed kv\u00f6ld, til \u00feess var andst\u00e6\u00f0ingurinn ekki n\u00f3gu \u00f6flugur, me\u00f0 fullri vir\u00f0ingu fyrir Aftureldingu sem er me\u00f0 ungt og \u00f3reynt li\u00f0.\u00a0Gu\u00f0r\u00fan \u00d3sk st\u00f3\u00f0 \u00ed markinu \u00ed kv\u00f6ld og var\u00f0i um 20 skot.<br \/>\nM\u00f6rk FRAM skoru\u00f0u: Ragnhei\u00f0ur 7, Hekla 5, El\u00edsabet Gunnars 4, Gu\u00f0r\u00fan Jenn\u00fd 3, \u00c1sta Birna 3, Hulda 3, Hafd\u00eds 2, \u00cdris 2, Sigurbj\u00f6rg 2 (\u00far v\u00edtum) og El\u00edsabet Mj\u00f6ll 1.<br \/>\nN\u00e6sti leikur FRAM \u00ed Subway m\u00f3tinu er \u00e1 f\u00f6studaginn 28. \u00e1g\u00fast kl. 20.15 \u00e1 m\u00f3ti Haukum og fer hann einnig fram \u00ed \u00cd\u00fer\u00f3ttah\u00fasinu \u00e1 Seltjarnarnesi.<\/p>\n<p>\u00c1FRAM FRAM<\/p>","protected":false},"excerpt":{"rendered":"<p>FRAM h\u00f3f leik \u00e1 Subway m\u00f3ti Gr\u00f3ttu \u00ed kv\u00f6ld og var fyrsti leikurinn gegn Aftureldingu. FRAM byrja\u00f0i af krafti og n\u00e1\u00f0i strax \u00fe\u00e6gilegri forystu. \u00a0\u00cd lok fyrri h\u00e1lfleiks var a\u00f0eins [&hellip;]<\/p>","protected":false},"author":4,"featured_media":10114,"comment_status":"open","ping_status":"open","sticky":false,"template":"","format":"standard","meta":{"_monsterinsights_skip_tracking":false,"_monsterinsights_sitenote_active":false,"_monsterinsights_sitenote_note":"","_monsterinsights_sitenote_category":0,"_jetpack_memberships_contains_paid_content":false,"footnotes":""},"categories":[6,15],"tags":[],"class_list":["post-11033","post","type-post","status-publish","format-standard","has-post-thumbnail","hentry","category-handbolti","category-mfl-kvenna"],"jetpack_sharing_enabled":true,"jetpack_featured_media_url":"https:\/\/fram.is\/wp-content\/uploads\/2015\/04\/Gu\u00f0r\u00fan-\u00d3sk-vefur.jpg","_links":{"self":[{"href":"https:\/\/fram.is\/is\/wp-json\/wp\/v2\/posts\/11033","targetHints":{"allow":["GET"]}}],"collection":[{"href":"https:\/\/fram.is\/is\/wp-json\/wp\/v2\/posts"}],"about":[{"href":"https:\/\/fram.is\/is\/wp-json\/wp\/v2\/types\/post"}],"author":[{"embeddable":true,"href":"https:\/\/fram.is\/is\/wp-json\/wp\/v2\/users\/4"}],"replies":[{"embeddable":true,"href":"https:\/\/fram.is\/is\/wp-json\/wp\/v2\/comments?post=11033"}],"version-history":[{"count":0,"href":"https:\/\/fram.is\/is\/wp-json\/wp\/v2\/posts\/11033\/revisions"}],"wp:featuredmedia":[{"embeddable":true,"href":"https:\/\/fram.is\/is\/wp-json\/wp\/v2\/media\/10114"}],"wp:attachment":[{"href":"https:\/\/fram.is\/is\/wp-json\/wp\/v2\/media?parent=11033"}],"wp:term":[{"taxonomy":"category","embeddable":true,"href":"https:\/\/fram.is\/is\/wp-json\/wp\/v2\/categories?post=11033"},{"taxonomy":"post_tag","embeddable":true,"href":"https:\/\/fram.is\/is\/wp-json\/wp\/v2\/tags?post=11033"}],"curies":[{"name":"wp","href":"https:\/\/api.w.org\/{rel}","templated":true}]}}