{"id":11257,"date":"2015-09-17T23:59:07","date_gmt":"2015-09-17T23:59:07","guid":{"rendered":"http:\/\/fram.is\/?p=11257"},"modified":"2015-09-17T23:59:07","modified_gmt":"2015-09-17T23:59:07","slug":"meistaraflokkur-kvenna-fram-tekur-i-vetur-enn-og-aftur-thatt-i-evropukeppni-i-handbolta","status":"publish","type":"post","link":"https:\/\/fram.is\/is\/2015\/09\/17\/meistaraflokkur-kvenna-fram-tekur-i-vetur-enn-og-aftur-thatt-i-evropukeppni-i-handbolta\/","title":{"rendered":"Meistaraflokkur kvenna Fram tekur \u00ed vetur enn og aftur \u00fe\u00e1tt \u00ed Evr\u00f3pukeppni \u00ed handbolta"},"content":{"rendered":"<p><strong><a href=\"http:\/\/fram.is\/wp-content\/uploads\/2015\/09\/Ragnarsm\u00f3tsmeistarar-2015.jpg\"><img fetchpriority=\"high\" decoding=\"async\" class=\"alignright size-large wp-image-11131\" src=\"http:\/\/fram.is\/wp-content\/uploads\/2015\/09\/Ragnarsm\u00f3tsmeistarar-2015-1024x768.jpg\" alt=\"Ragnarsm\u00f3tsmeistarar 2015\" width=\"460\" height=\"345\" \/><\/a>Fram hefur teki\u00f0 \u00fe\u00e1tt \u00ed Evr\u00f3pukeppninni \u00a0\u00ed handbolta \u00f3sliti\u00f0 s\u00ed\u00f0an veturinn 2008 &#8211; 2009 og \u00feetta er \u00fev\u00ed \u00e1ttunda keppnist\u00edmabili\u00f0 \u00ed r\u00f6\u00f0 sem stelpurnar taka \u00fe\u00e1tt.<br \/>\n\u00c1 \u00feessum \u00e1tta keppnist\u00edmabilum hefur Fram leiki\u00f0 samtals \u00ed 13 umfer\u00f0um , samtals 26 leiki.<br \/>\nBestum \u00e1rangri n\u00e1\u00f0u stelpurnar \u00ed Challenge Cup 2009 &#8211; 2010 \u00feegar \u00fe\u00e6r komst \u00a0\u00ed 8 li\u00f0a \u00farslit.\u00a0 Auk \u00feess hefur li\u00f0i\u00f0 \u00a0tv\u00edvegis komist \u00ed 16 li\u00f0a \u00farslit \u00e1 \u00feessum \u00e1rum.<br \/>\n<\/strong><strong>\u00cd fyrra t\u00f3k Fram \u00fe\u00e1tt \u00ed Callenge Cup.\u00a0 Fram sigra\u00f0i GAS Megas fr\u00e1 Grikklandi \u00ed fyrstu umfer\u00f0, en tapa\u00f0i s\u00ed\u00f0an fyrir ZRK Nasia Nis fr\u00e1 Serb\u00edu \u00ed 16 li\u00f0a \u00farslitum me\u00f0 minnsta mun &#8211; samanlagt me\u00f0 1 marki.<br \/>\n<\/strong><strong>A\u00f0 \u00feessu sinni taka stelpurnar \u00fe\u00e1tt \u00ed \u00a0EHF Cup og hefur li\u00f0i\u00f0 \u00fe\u00e1ttt\u00f6ku \u00ed 2. umfer\u00f0 keppninnar \u00ed okt\u00f3ber n.k.<\/strong> <strong>Nokku\u00f0 er s\u00ed\u00f0an dregi\u00f0 var \u00ed keppninni og dr\u00f3st Fram gegn HZRK Grude Autoherc fr\u00e1 Bosn\u00edu Herzegoviniu.\u00a0 L\u00edti\u00f0 \u00a0er vita\u00f0 um \u00feetta li\u00f0 nema a\u00f0 \u00fea\u00f0 kemur fr\u00e1 litlum b\u00e6 n\u00e1l\u00e6gt landam\u00e6rum Kr\u00f3at\u00edu og mun vera a\u00f0 taka \u00fe\u00e1tt \u00ed Evr\u00f3pukeppni \u00ed fyrsta sinn.<br \/>\n<\/strong><strong>Li\u00f0in hafa n\u00fa komist a\u00f0 samkomulagi um a\u00f0 leikirnir fari b\u00e1\u00f0ir fram h\u00e9r \u00e1 landi og ver\u00f0a leiknir \u00ed FRAMh\u00fasi f\u00f6studaginn 16. okt\u00f3ber og laugardaginn 17. okt\u00f3ber.<\/p>\n<p><\/strong><strong>Eins og fyrr eru \u00fea\u00f0 stelpurnar sj\u00e1lfar sem sj\u00e1 um fj\u00e1rm\u00f6gnun \u00e1 \u00feessu \u00e6vint\u00fdri sem Evr\u00f3pukeppninn er.\u00a0 Eins og fram hefur komi\u00f0 \u00ed fj\u00f6lmi\u00f0lum var\u00f0andi \u00fe\u00e1ttt\u00f6ku \u00ed Evr\u00f3pukeppni \u00ed handbolta \u00fe\u00e1 er \u00fea\u00f0 ekki vonin um peninga sem f\u00e6r li\u00f0in til a\u00f0 taka \u00fe\u00e1tt.\u00a0 \u00de\u00e1tttaka hefur einungis \u00ed f\u00f6r me\u00f0 s\u00e9r kostna\u00f0 sem getur veri\u00f0 verulegur ef li\u00f0i\u00f0 lendir \u00ed d\u00fdrum fer\u00f0al\u00f6gum.\u00a0 \u00dea\u00f0 m\u00e1 reikna me\u00f0 a\u00f0 hver umfer\u00f0 \u00ed Evr\u00f3pukeppni geti kosta\u00f0 kr. 1.500.000 &#8211; 2.000.000.<br \/>\n<\/strong><strong>Ef vi\u00f0 mi\u00f0um vi\u00f0 a\u00f0 Fram li\u00f0i\u00f0 hafi teki\u00f0 \u00fe\u00e1tt \u00ed 13\u00a0 umfer\u00f0um \u00ed Evr\u00f3pukeppni s\u00ed\u00f0astli\u00f0in 8 keppnist\u00edmabil \u00fe\u00e1 er ekki \u00f3l\u00edklegt a\u00f0 \u00fea\u00f0 hafi kosta\u00f0 \u00e1 bilinu kr. 19.000.000 &#8211; 26.000.000 \u00e1 \u00feessum \u00e1rum.<\/strong><\/p>\n<p><strong>Stelpurnar leita \u00fev\u00ed til allra sem hafa \u00e1huga \u00e1 a\u00f0 sty\u00f0ja \u00fe\u00e6r \u00ed Evr\u00f3pukeppninni \u00ed \u00e1r og er allur stu\u00f0ningur vi\u00f0 \u00feetta verkefni\u00a0 vel \u00feeginn . Ef einhver hefur \u00e1huga \u00e1 a\u00f0 styrkja li\u00f0i\u00f0 er h\u00e6gt a\u00f0 setja sig \u00ed samband vi\u00f0 undirrita\u00f0an me\u00f0 t\u00f6lvup\u00f3sti \u00e1 <a href=\"mailto:gudmundur@loghus.is\">gudmundur@loghus.is<\/a><\/p>\n<p>FRAMarar s\u00fdnum stu\u00f0ning \u00ed verki og sty\u00f0jum stelpurnar okkar, \u00fe\u00e6r eiga \u00fea\u00f0 skili\u00f0. \u00a0\u00c1FRAM FRAM\u00a0<\/strong><\/p>\n<p><strong>Gu\u00f0mundur \u00de\u00f3r vatnsberi mfl. kvenna<\/strong><\/p>\n<p>&nbsp;<\/p>","protected":false},"excerpt":{"rendered":"<p>Fram hefur teki\u00f0 \u00fe\u00e1tt \u00ed Evr\u00f3pukeppninni \u00a0\u00ed handbolta \u00f3sliti\u00f0 s\u00ed\u00f0an veturinn 2008 &#8211; 2009 og \u00feetta er \u00fev\u00ed \u00e1ttunda keppnist\u00edmabili\u00f0 \u00ed r\u00f6\u00f0 sem stelpurnar taka \u00fe\u00e1tt. \u00c1 \u00feessum \u00e1tta keppnist\u00edmabilum [&hellip;]<\/p>","protected":false},"author":4,"featured_media":11130,"comment_status":"open","ping_status":"open","sticky":false,"template":"","format":"standard","meta":{"_monsterinsights_skip_tracking":false,"_monsterinsights_sitenote_active":false,"_monsterinsights_sitenote_note":"","_monsterinsights_sitenote_category":0,"_jetpack_memberships_contains_paid_content":false,"footnotes":""},"categories":[6,15],"tags":[],"class_list":["post-11257","post","type-post","status-publish","format-standard","has-post-thumbnail","hentry","category-handbolti","category-mfl-kvenna"],"jetpack_sharing_enabled":true,"jetpack_featured_media_url":"https:\/\/fram.is\/wp-content\/uploads\/2015\/09\/Ragnarsm\u00f3tsmeistarar-2015-vefur-scaled.jpg","_links":{"self":[{"href":"https:\/\/fram.is\/is\/wp-json\/wp\/v2\/posts\/11257","targetHints":{"allow":["GET"]}}],"collection":[{"href":"https:\/\/fram.is\/is\/wp-json\/wp\/v2\/posts"}],"about":[{"href":"https:\/\/fram.is\/is\/wp-json\/wp\/v2\/types\/post"}],"author":[{"embeddable":true,"href":"https:\/\/fram.is\/is\/wp-json\/wp\/v2\/users\/4"}],"replies":[{"embeddable":true,"href":"https:\/\/fram.is\/is\/wp-json\/wp\/v2\/comments?post=11257"}],"version-history":[{"count":0,"href":"https:\/\/fram.is\/is\/wp-json\/wp\/v2\/posts\/11257\/revisions"}],"wp:featuredmedia":[{"embeddable":true,"href":"https:\/\/fram.is\/is\/wp-json\/wp\/v2\/media\/11130"}],"wp:attachment":[{"href":"https:\/\/fram.is\/is\/wp-json\/wp\/v2\/media?parent=11257"}],"wp:term":[{"taxonomy":"category","embeddable":true,"href":"https:\/\/fram.is\/is\/wp-json\/wp\/v2\/categories?post=11257"},{"taxonomy":"post_tag","embeddable":true,"href":"https:\/\/fram.is\/is\/wp-json\/wp\/v2\/tags?post=11257"}],"curies":[{"name":"wp","href":"https:\/\/api.w.org\/{rel}","templated":true}]}}