{"id":11378,"date":"2015-09-30T11:24:56","date_gmt":"2015-09-30T11:24:56","guid":{"rendered":"http:\/\/fram.is\/?p=11378"},"modified":"2015-09-30T11:24:56","modified_gmt":"2015-09-30T11:24:56","slug":"ernir-bjarnason-valinn-i-landslid-islands-u19","status":"publish","type":"post","link":"https:\/\/fram.is\/is\/2015\/09\/30\/ernir-bjarnason-valinn-i-landslid-islands-u19\/","title":{"rendered":"Ernir Bjarnason valinn \u00ed landsli\u00f0 \u00cdslands U19"},"content":{"rendered":"<p><a href=\"http:\/\/fram.is\/wp-content\/uploads\/2015\/05\/Ernir-Bjarnason.jpg\"><img fetchpriority=\"high\" decoding=\"async\" class=\"alignright size-medium wp-image-10288\" src=\"http:\/\/fram.is\/wp-content\/uploads\/2015\/05\/Ernir-Bjarnason-300x261.jpg\" alt=\"Ernir Bjarnason\" width=\"300\" height=\"261\" \/><\/a>\u00deorvaldur \u00d6rlygsson, landsli\u00f0s\u00fej\u00e1lfari U19 karla \u00ed knattspyrnu hefur vali\u00f0 leikmannah\u00f3p sem mun taka \u00fe\u00e1tt \u00a0\u00ed tveimur vin\u00e1ttulandsleikjum U19 li\u00f0s karla gegn Nor\u00f0ur \u00cdrlandi.\u00a0 Leikirnir fara fram h\u00e9r \u00e1 landi 9. og 11. okt. Vi\u00f0 FRAMarar erum stoltir af \u00fev\u00ed a\u00f0 eiga fulltr\u00faa \u00ed \u00feessum h\u00f3pi en Ernir Bjarnason var valinn a\u00f0 \u00feessu sinni.<\/p>\n<p>Ernir Bjarnason \u00a0\u00a0\u00a0\u00a0\u00a0\u00a0\u00a0\u00a0\u00a0\u00a0\u00a0\u00a0\u00a0\u00a0\u00a0\u00a0\u00a0\u00a0\u00a0\u00a0\u00a0\u00a0\u00a0\u00a0\u00a0\u00a0\u00a0\u00a0\u00a0\u00a0 Fram<\/p>\n<p>Gangi ykkur vel.<\/p>\n<p>\u00c1FRAM FRAM<\/p>","protected":false},"excerpt":{"rendered":"<p>\u00deorvaldur \u00d6rlygsson, landsli\u00f0s\u00fej\u00e1lfari U19 karla \u00ed knattspyrnu hefur vali\u00f0 leikmannah\u00f3p sem mun taka \u00fe\u00e1tt \u00a0\u00ed tveimur vin\u00e1ttulandsleikjum U19 li\u00f0s karla gegn Nor\u00f0ur \u00cdrlandi.\u00a0 Leikirnir fara fram h\u00e9r \u00e1 landi 9. [&hellip;]<\/p>","protected":false},"author":4,"featured_media":11379,"comment_status":"open","ping_status":"open","sticky":false,"template":"","format":"standard","meta":{"_monsterinsights_skip_tracking":false,"_monsterinsights_sitenote_active":false,"_monsterinsights_sitenote_note":"","_monsterinsights_sitenote_category":0,"_jetpack_memberships_contains_paid_content":false,"footnotes":""},"categories":[11,9],"tags":[],"class_list":["post-11378","post","type-post","status-publish","format-standard","has-post-thumbnail","hentry","category-mflkarla","category-fotbolti"],"jetpack_sharing_enabled":true,"jetpack_featured_media_url":"https:\/\/fram.is\/wp-content\/uploads\/2015\/09\/Ernir-vefur-scaled.jpg","_links":{"self":[{"href":"https:\/\/fram.is\/is\/wp-json\/wp\/v2\/posts\/11378","targetHints":{"allow":["GET"]}}],"collection":[{"href":"https:\/\/fram.is\/is\/wp-json\/wp\/v2\/posts"}],"about":[{"href":"https:\/\/fram.is\/is\/wp-json\/wp\/v2\/types\/post"}],"author":[{"embeddable":true,"href":"https:\/\/fram.is\/is\/wp-json\/wp\/v2\/users\/4"}],"replies":[{"embeddable":true,"href":"https:\/\/fram.is\/is\/wp-json\/wp\/v2\/comments?post=11378"}],"version-history":[{"count":0,"href":"https:\/\/fram.is\/is\/wp-json\/wp\/v2\/posts\/11378\/revisions"}],"wp:featuredmedia":[{"embeddable":true,"href":"https:\/\/fram.is\/is\/wp-json\/wp\/v2\/media\/11379"}],"wp:attachment":[{"href":"https:\/\/fram.is\/is\/wp-json\/wp\/v2\/media?parent=11378"}],"wp:term":[{"taxonomy":"category","embeddable":true,"href":"https:\/\/fram.is\/is\/wp-json\/wp\/v2\/categories?post=11378"},{"taxonomy":"post_tag","embeddable":true,"href":"https:\/\/fram.is\/is\/wp-json\/wp\/v2\/tags?post=11378"}],"curies":[{"name":"wp","href":"https:\/\/api.w.org\/{rel}","templated":true}]}}