{"id":1138,"date":"2013-01-04T22:16:09","date_gmt":"2013-01-04T22:16:09","guid":{"rendered":"http:\/\/fram.is\/?p=1138"},"modified":"2013-01-04T22:16:09","modified_gmt":"2013-01-04T22:16:09","slug":"threttandagledi-i-grafarholti","status":"publish","type":"post","link":"https:\/\/fram.is\/is\/2013\/01\/04\/threttandagledi-i-grafarholti\/","title":{"rendered":"\u00derett\u00e1ndagle\u00f0i \u00ed Grafarholti"},"content":{"rendered":"<p>\u00derett\u00e1ndagle\u00f0in \u00ed Grafarholti ver\u00f0ur a\u00f0 venju haldin sunnudaginn 6. jan\u00faar \u00ed Leirdal. Blysf\u00f6r fer fr\u00e1 Gu\u00f0r\u00ed\u00f0arkirkju kl. 19.30 og 19.15 fr\u00e1 \u00ed\u00fer\u00f3ttah\u00fasi Fram \u00ed \u00dalfars\u00e1rdal. Sk\u00f3lahlj\u00f3msveit Grafvogs og Grafarholts gengur \u00ed broddi fylkingar. Kyndlar ver\u00f0a seldir vi\u00f0 kirkjuna og Framheimili\u00f0. Brennuk\u00f3ngur tendrar \u00ed brennunni kl 20. J\u00f3lasveinar koma \u00ed heims\u00f3kn. Gle\u00f0inni l\u00fdkur me\u00f0 gl\u00e6silegri flugeldas\u00fdningu fr\u00e1 Fram.<\/p>","protected":false},"excerpt":{"rendered":"<p>\u00derett\u00e1ndagle\u00f0in \u00ed Grafarholti ver\u00f0ur a\u00f0 venju haldin sunnudaginn 6. jan\u00faar \u00ed Leirdal. Blysf\u00f6r fer fr\u00e1 Gu\u00f0r\u00ed\u00f0arkirkju kl. 19.30 og 19.15 fr\u00e1 \u00ed\u00fer\u00f3ttah\u00fasi Fram \u00ed \u00dalfars\u00e1rdal. Sk\u00f3lahlj\u00f3msveit Grafvogs og Grafarholts gengur [&hellip;]<\/p>","protected":false},"author":3,"featured_media":1139,"comment_status":"open","ping_status":"open","sticky":false,"template":"","format":"standard","meta":{"_monsterinsights_skip_tracking":false,"_monsterinsights_sitenote_active":false,"_monsterinsights_sitenote_note":"","_monsterinsights_sitenote_category":0,"_jetpack_memberships_contains_paid_content":false,"footnotes":""},"categories":[10],"tags":[],"class_list":["post-1138","post","type-post","status-publish","format-standard","has-post-thumbnail","hentry","category-frettir"],"jetpack_sharing_enabled":true,"jetpack_featured_media_url":"","_links":{"self":[{"href":"https:\/\/fram.is\/is\/wp-json\/wp\/v2\/posts\/1138","targetHints":{"allow":["GET"]}}],"collection":[{"href":"https:\/\/fram.is\/is\/wp-json\/wp\/v2\/posts"}],"about":[{"href":"https:\/\/fram.is\/is\/wp-json\/wp\/v2\/types\/post"}],"author":[{"embeddable":true,"href":"https:\/\/fram.is\/is\/wp-json\/wp\/v2\/users\/3"}],"replies":[{"embeddable":true,"href":"https:\/\/fram.is\/is\/wp-json\/wp\/v2\/comments?post=1138"}],"version-history":[{"count":0,"href":"https:\/\/fram.is\/is\/wp-json\/wp\/v2\/posts\/1138\/revisions"}],"wp:featuredmedia":[{"embeddable":true,"href":"https:\/\/fram.is\/is\/wp-json\/"}],"wp:attachment":[{"href":"https:\/\/fram.is\/is\/wp-json\/wp\/v2\/media?parent=1138"}],"wp:term":[{"taxonomy":"category","embeddable":true,"href":"https:\/\/fram.is\/is\/wp-json\/wp\/v2\/categories?post=1138"},{"taxonomy":"post_tag","embeddable":true,"href":"https:\/\/fram.is\/is\/wp-json\/wp\/v2\/tags?post=1138"}],"curies":[{"name":"wp","href":"https:\/\/api.w.org\/{rel}","templated":true}]}}