{"id":11387,"date":"2015-10-01T14:00:42","date_gmt":"2015-10-01T14:00:42","guid":{"rendered":"http:\/\/fram.is\/?p=11387"},"modified":"2015-10-01T14:00:42","modified_gmt":"2015-10-01T14:00:42","slug":"tvaer-fra-fram-i-aefingahopi-islands-u-19","status":"publish","type":"post","link":"https:\/\/fram.is\/is\/2015\/10\/01\/tvaer-fra-fram-i-aefingahopi-islands-u-19\/","title":{"rendered":"Tv\u00e6r fr\u00e1 FRAM \u00ed \u00e6fingah\u00f3pi \u00cdslands U-19"},"content":{"rendered":"<p><a href=\"http:\/\/fram.is\/wp-content\/uploads\/2014\/12\/Raghei\u00f0ur-J\u00fal\u00edusd..jpg\"><img fetchpriority=\"high\" decoding=\"async\" class=\"alignright size-medium wp-image-9049\" src=\"http:\/\/fram.is\/wp-content\/uploads\/2014\/12\/Raghei\u00f0ur-J\u00fal\u00edusd.-300x300.jpg\" alt=\"Raghei\u00f0ur J\u00fal\u00edusd.\" width=\"300\" height=\"300\" \/><\/a><a href=\"http:\/\/fram.is\/wp-content\/uploads\/2014\/12\/Hulda-dags.jpg\"><img decoding=\"async\" class=\"alignright size-medium wp-image-9048\" src=\"http:\/\/fram.is\/wp-content\/uploads\/2014\/12\/Hulda-dags-300x300.jpg\" alt=\"Hulda dags\" width=\"300\" height=\"300\" \/><\/a>HS\u00cd hefur vali\u00f0 \u00a0\u00e6fingah\u00f3p \u00cdslands U-19 \u00e1ra landsli\u00f0s kvenna en h\u00f3purinn kemur saman til \u00e6finga um helgina. Vi\u00f0 FRAMarar erum stoltir af \u00fev\u00ed a\u00f0 eiga fulltr\u00faa \u00ed \u00feessum h\u00f3pi en \u00fe\u00e6r sem voru valdar fr\u00e1 FRAM a\u00f0 \u00feessu sinni eru:<\/p>\n<p>Hulda Dagsd\u00f3ttir \u00a0 \u00a0 \u00a0 \u00a0 \u00a0 \u00a0 \u00a0 \u00a0 \u00a0 \u00a0 \u00a0 \u00a0 \u00a0 \u00a0 \u00a0 \u00a0 FRAM<br \/>\nRagnhei\u00f0ur J\u00fal\u00edusd\u00f3ttir\u00a0\u00a0\u00a0\u00a0\u00a0\u00a0\u00a0\u00a0\u00a0\u00a0\u00a0\u00a0\u00a0\u00a0\u00a0\u00a0\u00a0\u00a0\u00a0\u00a0 FRAM<\/p>\n<p>Gangi ykkur vel.<\/p>\n<p>\u00c1FRAM FRAM<\/p>\n<p>&nbsp;<\/p>","protected":false},"excerpt":{"rendered":"<p>HS\u00cd hefur vali\u00f0 \u00a0\u00e6fingah\u00f3p \u00cdslands U-19 \u00e1ra landsli\u00f0s kvenna en h\u00f3purinn kemur saman til \u00e6finga um helgina. Vi\u00f0 FRAMarar erum stoltir af \u00fev\u00ed a\u00f0 eiga fulltr\u00faa \u00ed \u00feessum h\u00f3pi en [&hellip;]<\/p>","protected":false},"author":4,"featured_media":8353,"comment_status":"open","ping_status":"open","sticky":false,"template":"","format":"standard","meta":{"_monsterinsights_skip_tracking":false,"_monsterinsights_sitenote_active":false,"_monsterinsights_sitenote_note":"","_monsterinsights_sitenote_category":0,"_jetpack_memberships_contains_paid_content":false,"footnotes":""},"categories":[7,6,15],"tags":[],"class_list":["post-11387","post","type-post","status-publish","format-standard","has-post-thumbnail","hentry","category-yngri-flokkar","category-handbolti","category-mfl-kvenna"],"jetpack_sharing_enabled":true,"jetpack_featured_media_url":"https:\/\/fram.is\/wp-content\/uploads\/2014\/09\/Ragnhei\u00f0ur-Fylkir-vefur.jpg","_links":{"self":[{"href":"https:\/\/fram.is\/is\/wp-json\/wp\/v2\/posts\/11387","targetHints":{"allow":["GET"]}}],"collection":[{"href":"https:\/\/fram.is\/is\/wp-json\/wp\/v2\/posts"}],"about":[{"href":"https:\/\/fram.is\/is\/wp-json\/wp\/v2\/types\/post"}],"author":[{"embeddable":true,"href":"https:\/\/fram.is\/is\/wp-json\/wp\/v2\/users\/4"}],"replies":[{"embeddable":true,"href":"https:\/\/fram.is\/is\/wp-json\/wp\/v2\/comments?post=11387"}],"version-history":[{"count":0,"href":"https:\/\/fram.is\/is\/wp-json\/wp\/v2\/posts\/11387\/revisions"}],"wp:featuredmedia":[{"embeddable":true,"href":"https:\/\/fram.is\/is\/wp-json\/wp\/v2\/media\/8353"}],"wp:attachment":[{"href":"https:\/\/fram.is\/is\/wp-json\/wp\/v2\/media?parent=11387"}],"wp:term":[{"taxonomy":"category","embeddable":true,"href":"https:\/\/fram.is\/is\/wp-json\/wp\/v2\/categories?post=11387"},{"taxonomy":"post_tag","embeddable":true,"href":"https:\/\/fram.is\/is\/wp-json\/wp\/v2\/tags?post=11387"}],"curies":[{"name":"wp","href":"https:\/\/api.w.org\/{rel}","templated":true}]}}