{"id":11400,"date":"2015-10-01T21:24:02","date_gmt":"2015-10-01T21:24:02","guid":{"rendered":"http:\/\/fram.is\/?p=11400"},"modified":"2015-10-01T21:24:02","modified_gmt":"2015-10-01T21:24:02","slug":"tap-gegn-akureyri-i-olisdeild-karla","status":"publish","type":"post","link":"https:\/\/fram.is\/is\/2015\/10\/01\/tap-gegn-akureyri-i-olisdeild-karla\/","title":{"rendered":"Tap gegn Akureyri \u00ed Ol\u00edsdeild karla"},"content":{"rendered":"<p><a href=\"http:\/\/fram.is\/wp-content\/uploads\/2015\/04\/Gar\u00f0ar.jpg\"><img fetchpriority=\"high\" decoding=\"async\" class=\"alignright size-medium wp-image-10022\" src=\"http:\/\/fram.is\/wp-content\/uploads\/2015\/04\/Gar\u00f0ar-300x200.jpg\" alt=\"Gar\u00f0ar\" width=\"300\" height=\"200\" \/><\/a>Str\u00e1karnir okkar \u00ed handboltanum settust upp \u00ed r\u00fatu fyrir h\u00e1degi\u00f0 \u00ed morgun og brunu\u00f0u nor\u00f0ur yfir hei\u00f0ar \u00fear sem \u00feeir m\u00e6ttu Akureyri \u00ed Ol\u00edsdeildinn.\u00a0 Fer\u00f0in gekk vel a\u00f0 \u00e9g best veit og allir kl\u00e1rir \u00ed slaginn \u00feegar nor\u00f0ur var komi\u00f0.<br \/>\nLeikurinn \u00ed kv\u00f6ld byrja\u00f0i frekar r\u00f3lega, vi\u00f0 ekki a\u00f0 byrja n\u00f3gu vel, t\u00f6pu\u00f0um boltanum \u00ferisvar \u00e1 fyrstu 10 m\u00edn. leiksins, sta\u00f0an eftir 10 m\u00edn. 5-4. Einhver skrekkur \u00ed mannskapnum og s\u00f3knarleikurinn erfi\u00f0ur. \u00a0Vi\u00f0 ger\u00f0um 2 m\u00f6rk \u00e1 n\u00e6stu 10 m\u00edn. vi\u00f0 \u00ed t\u00f3mu basil og hreinlega a\u00f0 spila illa. Sta\u00f0an eftir 20 m\u00edn. 10-6.\u00a0 Vi\u00f0 misstum alveg t\u00f6kin \u00e1 leiknum \u00fe.e ef h\u00e6gt er a\u00f0 segja a\u00f0 vi\u00f0 h\u00f6fum haft einhver t\u00f6k \u00e1 honum.\u00a0 V\u00f6rnin gaf eftir og s\u00f3knarleikurinn gekk illa.\u00a0 Vi\u00f0 lentum mest undir 14-8 en n\u00e1\u00f0um a\u00f0eins a\u00f0 r\u00e9tta okkar hlut fyrir h\u00e1lfleik, sta\u00f0an \u00ed h\u00e1lfleik 15-11. Vi\u00f0 ekki a\u00f0 leika vel, 7-8 tapa\u00f0ir boltar \u00ed fyrri h\u00e1lfleik, v\u00f6rnin ekki g\u00f3\u00f0, f\u00e1um \u00e1 okkur 15 m\u00f6rk og s\u00f3knarleikurinn glopp\u00f3ttur. \u00a0\u00dea\u00f0 var \u00fev\u00ed lj\u00f3st a\u00f0 vi\u00f0 \u00feyrftum a\u00f0 gera betur \u00ed \u00feeim s\u00ed\u00f0ari.<br \/>\nS\u00ed\u00f0ari h\u00e1lfleikur byrja\u00f0i ekki vel, vi\u00f0 n\u00e1\u00f0um ekkert a\u00f0 saxa \u00e1 nor\u00f0anmenn, h\u00e9ldum uppteknum h\u00e6tti s\u00f3knarlega \u00fe.e misstum boltann reglulega \u00e1samt \u00fev\u00ed a\u00f0 v\u00f6rnin var ekki kl\u00e1ra s\u00edna vinnu.\u00a0 Sta\u00f0an eftir 40 m\u00edn. 20-14. \u00de\u00e1 var eiginlega lj\u00f3st a\u00f0 vi\u00f0 myndum ekki n\u00e1 a\u00f0 landa sigri \u00ed dag, til \u00feess vorum vi\u00f0 a\u00f0 leika of illa.\u00a0 Vi\u00f0 h\u00e9ldum svo sem \u00e1fram a\u00f0 reyna en \u00fea\u00f0 gekk l\u00edti\u00f0, n\u00e1um a\u00f0 halda \u00ed horfinu n\u00e6stu 10 m\u00edn. og sta\u00f0an eftir 50 m\u00edn. 25-20.\u00a0 S\u00ed\u00f0ustu 10 m\u00edn. leiksins voru svo slakar og vi\u00f0 n\u00e1\u00f0um ekkert a\u00f0 koma \u00a0til baka, l\u00e9kum bara illa \u00e1 \u00f6llum svi\u00f0um.\u00a0 Ni\u00f0ursta\u00f0an 31 -24 tap, \u00fea\u00f0 er ekki h\u00e6gt a\u00f0 vinna leiki me\u00f0 \u00fev\u00ed a\u00f0 f\u00e1 \u00e1\u00a0 sig\u00a0 yfir 30 m\u00f6rk og vera me\u00f0 15-20 tapa\u00f0 bolta.\u00a0 \u00dea\u00f0 er eitthva\u00f0 sem vi\u00f0 \u00feurfum a\u00f0 laga og getum \u00fea\u00f0 kl\u00e1rlega.<br \/>\nVi\u00f0 \u00feurfum a\u00f0eins a\u00f0 n\u00fallstilla okkur n\u00fana, fara a\u00f0 gera \u00fea\u00f0 sem vi\u00f0 erum g\u00f3\u00f0ir \u00ed \u00fe.e a\u00f0 halda skipulagi og spila yfirvega\u00f0.\u00a0 \u00c9g held a\u00f0 vi\u00f0 s\u00e9um komnir a\u00f0eins fram \u00far okkur og \u00feurfum a\u00f0 st\u00edga eitt skref til baka.\u00a0 Vi\u00f0 erum ekkert verri handboltamenn \u00ed dag en vi\u00f0 vorum \u00ed fyrra e\u00f0a bara \u00ed haust, \u00feurfum bara a\u00f0 taka \u00fea\u00f0 a\u00f0eins r\u00f3lega og \u00e6tla okkur ekki um of.\u00a0 Allir leikmenn \u00feurfa a\u00f0 hugsa a\u00f0eins inn \u00e1 vi\u00f0 og gera betur \u00ed n\u00e6sta leik, sem ver\u00f0ur eftir viku \u00e1 heimavelli gegn Gr\u00f3ttu. Vi\u00f0FRAMarar \u00a0\u00feurfum a\u00f0 fj\u00f6lmenna \u00e1 \u00feann leik og s\u00fdna stu\u00f0ning okkar \u00ed verki. \u00a0FRAMarar sj\u00e1umst \u00e1 fimmtudag.<\/p>\n<p>\u00c1FRAM FRAM<\/p>","protected":false},"excerpt":{"rendered":"<p>Str\u00e1karnir okkar \u00ed handboltanum settust upp \u00ed r\u00fatu fyrir h\u00e1degi\u00f0 \u00ed morgun og brunu\u00f0u nor\u00f0ur yfir hei\u00f0ar \u00fear sem \u00feeir m\u00e6ttu Akureyri \u00ed Ol\u00edsdeildinn.\u00a0 Fer\u00f0in gekk vel a\u00f0 \u00e9g best [&hellip;]<\/p>","protected":false},"author":4,"featured_media":11336,"comment_status":"open","ping_status":"open","sticky":false,"template":"","format":"standard","meta":{"_monsterinsights_skip_tracking":false,"_monsterinsights_sitenote_active":false,"_monsterinsights_sitenote_note":"","_monsterinsights_sitenote_category":0,"_jetpack_memberships_contains_paid_content":false,"footnotes":""},"categories":[6,19],"tags":[],"class_list":["post-11400","post","type-post","status-publish","format-standard","has-post-thumbnail","hentry","category-handbolti","category-mfl-karla"],"jetpack_sharing_enabled":true,"jetpack_featured_media_url":"https:\/\/fram.is\/wp-content\/uploads\/2015\/09\/li-\u00c6girs-vefur-scaled.jpg","_links":{"self":[{"href":"https:\/\/fram.is\/is\/wp-json\/wp\/v2\/posts\/11400","targetHints":{"allow":["GET"]}}],"collection":[{"href":"https:\/\/fram.is\/is\/wp-json\/wp\/v2\/posts"}],"about":[{"href":"https:\/\/fram.is\/is\/wp-json\/wp\/v2\/types\/post"}],"author":[{"embeddable":true,"href":"https:\/\/fram.is\/is\/wp-json\/wp\/v2\/users\/4"}],"replies":[{"embeddable":true,"href":"https:\/\/fram.is\/is\/wp-json\/wp\/v2\/comments?post=11400"}],"version-history":[{"count":0,"href":"https:\/\/fram.is\/is\/wp-json\/wp\/v2\/posts\/11400\/revisions"}],"wp:featuredmedia":[{"embeddable":true,"href":"https:\/\/fram.is\/is\/wp-json\/wp\/v2\/media\/11336"}],"wp:attachment":[{"href":"https:\/\/fram.is\/is\/wp-json\/wp\/v2\/media?parent=11400"}],"wp:term":[{"taxonomy":"category","embeddable":true,"href":"https:\/\/fram.is\/is\/wp-json\/wp\/v2\/categories?post=11400"},{"taxonomy":"post_tag","embeddable":true,"href":"https:\/\/fram.is\/is\/wp-json\/wp\/v2\/tags?post=11400"}],"curies":[{"name":"wp","href":"https:\/\/api.w.org\/{rel}","templated":true}]}}