{"id":11585,"date":"2015-10-29T09:55:15","date_gmt":"2015-10-29T09:55:15","guid":{"rendered":"http:\/\/fram.is\/?p=11585"},"modified":"2015-10-29T09:55:15","modified_gmt":"2015-10-29T09:55:15","slug":"supuhadegi-framara-a-fostudag-30-okt-kl-1200","status":"publish","type":"post","link":"https:\/\/fram.is\/is\/2015\/10\/29\/supuhadegi-framara-a-fostudag-30-okt-kl-1200\/","title":{"rendered":"S\u00fapuh\u00e1degi FRAMara \u00e1 f\u00f6studag 30. okt. kl. 12:00"},"content":{"rendered":"<p><a href=\"http:\/\/fram.is\/wp-content\/uploads\/2015\/09\/IMG_3322.jpg\"><img fetchpriority=\"high\" decoding=\"async\" class=\"alignright size-medium wp-image-11343\" src=\"http:\/\/fram.is\/wp-content\/uploads\/2015\/09\/IMG_3322-300x200.jpg\" alt=\"IMG_3322\" width=\"300\" height=\"200\" \/><\/a>N\u00fa h\u00f6ldum vi\u00f0 okkar annan s\u00fapufund \u00feennan veturinn, \u00fea\u00f0 var g\u00f3\u00f0 m\u00e6ting \u00ed s\u00ed\u00f0asta s\u00fapuh\u00e1degi en um 60-70 manns m\u00e6ttu og almenn \u00e1n\u00e6gja me\u00f0 hvernig til t\u00f3kst. Heilmiki\u00f0 spjalla\u00f0 og l\u00e9tt yfir mannskapnum.<br \/>\nBo\u00f0i\u00f0 ver\u00f0ur upp \u00e1 s\u00fapu og brau\u00f0.<br \/>\nEkki er \u00e6tlunin a\u00f0 hafa \u00feetta formlegt heldur kj\u00f6rin vettvangur fyrir okkur Framara til a\u00f0 hittast yfir s\u00fapusk\u00e1l og r\u00e6\u00f0a saman.<br \/>\nVer\u00f0inu ver\u00f0ur stillt \u00ed algj\u00f6rt h\u00f3f e\u00f0a eing\u00f6ngu \u00e1 kostna\u00f0arver\u00f0i kr. 500.-<br \/>\n<strong style=\"font-style: inherit;\">Annar fundurinn \u00ed \u00a0s\u00fapur\u00f6\u00f0inni ver\u00f0ur f\u00f6studaginn<\/strong><strong><br \/>\n30. okt. \u00a0kl. 12:00-13:30 \u00ed h\u00e1t\u00ed\u00f0arsal okkar \u00ed Safam\u00fdri.<\/strong><\/p>\n<p>Hei\u00f0ursgestur og frumstofnandi a\u00f0 s\u00fapuh\u00e1deginu er og ver\u00f0ur H\u00f6r\u00f0ur \u201e Castr\u00f3\u201c Einarsson.<\/p>\n<p>Vi\u00f0 hvetjum alla FRAMarar til a\u00f0 koma \u00ed s\u00fapu \u00ed h\u00e1deginu \u00e1 f\u00f6studag og endilega taki\u00f0 me\u00f0 ykkur f\u00e9laga.<\/p>\n<p>Kve\u00f0ja Knattspyrnuf\u00e9lagi\u00f0 FRAM<\/p>","protected":false},"excerpt":{"rendered":"<p>N\u00fa h\u00f6ldum vi\u00f0 okkar annan s\u00fapufund \u00feennan veturinn, \u00fea\u00f0 var g\u00f3\u00f0 m\u00e6ting \u00ed s\u00ed\u00f0asta s\u00fapuh\u00e1degi en um 60-70 manns m\u00e6ttu og almenn \u00e1n\u00e6gja me\u00f0 hvernig til t\u00f3kst. Heilmiki\u00f0 spjalla\u00f0 og [&hellip;]<\/p>","protected":false},"author":4,"featured_media":9329,"comment_status":"open","ping_status":"open","sticky":false,"template":"","format":"standard","meta":{"_monsterinsights_skip_tracking":false,"_monsterinsights_sitenote_active":false,"_monsterinsights_sitenote_note":"","_monsterinsights_sitenote_category":0,"_jetpack_memberships_contains_paid_content":false,"footnotes":""},"categories":[8,10],"tags":[],"class_list":["post-11585","post","type-post","status-publish","format-standard","has-post-thumbnail","hentry","category-adalstjorn","category-frettir"],"jetpack_sharing_enabled":true,"jetpack_featured_media_url":"https:\/\/fram.is\/wp-content\/uploads\/2015\/01\/Supuvefur.jpg","_links":{"self":[{"href":"https:\/\/fram.is\/is\/wp-json\/wp\/v2\/posts\/11585","targetHints":{"allow":["GET"]}}],"collection":[{"href":"https:\/\/fram.is\/is\/wp-json\/wp\/v2\/posts"}],"about":[{"href":"https:\/\/fram.is\/is\/wp-json\/wp\/v2\/types\/post"}],"author":[{"embeddable":true,"href":"https:\/\/fram.is\/is\/wp-json\/wp\/v2\/users\/4"}],"replies":[{"embeddable":true,"href":"https:\/\/fram.is\/is\/wp-json\/wp\/v2\/comments?post=11585"}],"version-history":[{"count":0,"href":"https:\/\/fram.is\/is\/wp-json\/wp\/v2\/posts\/11585\/revisions"}],"wp:featuredmedia":[{"embeddable":true,"href":"https:\/\/fram.is\/is\/wp-json\/wp\/v2\/media\/9329"}],"wp:attachment":[{"href":"https:\/\/fram.is\/is\/wp-json\/wp\/v2\/media?parent=11585"}],"wp:term":[{"taxonomy":"category","embeddable":true,"href":"https:\/\/fram.is\/is\/wp-json\/wp\/v2\/categories?post=11585"},{"taxonomy":"post_tag","embeddable":true,"href":"https:\/\/fram.is\/is\/wp-json\/wp\/v2\/tags?post=11585"}],"curies":[{"name":"wp","href":"https:\/\/api.w.org\/{rel}","templated":true}]}}