{"id":11707,"date":"2015-11-12T10:32:29","date_gmt":"2015-11-12T10:32:29","guid":{"rendered":"http:\/\/fram.is\/?p=11707"},"modified":"2015-11-12T10:32:29","modified_gmt":"2015-11-12T10:32:29","slug":"stelpurnar-okkar-i-handboltanum-a-leid-til-rumeniu","status":"publish","type":"post","link":"https:\/\/fram.is\/is\/2015\/11\/12\/stelpurnar-okkar-i-handboltanum-a-leid-til-rumeniu\/","title":{"rendered":"Stelpurnar okkar \u00ed handboltanum \u00e1 lei\u00f0 til R\u00famen\u00edu"},"content":{"rendered":"<p><a href=\"http:\/\/fram.is\/wp-content\/uploads\/2015\/09\/Ragnarsm\u00f3tsmeistarar-2015.jpg\"><img fetchpriority=\"high\" decoding=\"async\" class=\"alignright size-large wp-image-11131\" src=\"http:\/\/fram.is\/wp-content\/uploads\/2015\/09\/Ragnarsm\u00f3tsmeistarar-2015-1024x768.jpg\" alt=\"Ragnarsm\u00f3tsmeistarar 2015\" width=\"460\" height=\"345\" \/><\/a>Stelpurnar okkar \u00ed mfl. kvenna handbolta, halda \u00ed dag \u00e1lei\u00f0is til R\u00famen\u00edu en \u00fear leikur li\u00f0i\u00f0 vi\u00f0 H.C.M Roman \u00ed 3. umfer\u00f0 Evr\u00f3pukeppninnar, EHF-cup. Stelpurnar munu halda til London \u00fear sem\u00a0gist ver\u00f0ur yfir bl\u00e1 n\u00f3ttina.\u00a0 Eldsnemma \u00e1 f\u00f6studag\u00a0 liggur lei\u00f0in s\u00ed\u00f0an til V\u00ednar \u00ed Austurr\u00edki en \u00fev\u00ed n\u00e6st flogi\u00f0 til borgarinnar\u00a0 Lasi \u00ed R\u00famen\u00edu, s\u00fa borg mun liggja austur vi\u00f0 landam\u00e6ri Moldav\u00edu.\u00a0 \u00dea\u00f0an ver\u00f0ur s\u00ed\u00f0an eki\u00f0 til borgarinnar Roman en \u00fear fer leikurinn fram. Li\u00f0i\u00f0 mun \u00e6fa \u00ed Roman \u00e1 f\u00f6studagskv\u00f6ld og lj\u00f3st a\u00f0 \u00fea\u00f0 ver\u00f0ur k\u00e6rkomi\u00f0 a\u00f0 f\u00e1 \u00fe\u00e1 \u00e6fingu eftir a\u00f0 hafa veri\u00f0 \u00e1 fer\u00f0inni \u00ed r\u00faman s\u00f3lahring.<br \/>\nLeikurinn gegn H.C.M Roman fer svo fram kl.13:00 \u00e1 laugardag e\u00f0a kl.11:00 a\u00f0 \u00edslenskum t\u00edma. Eftir leik ver\u00f0ur strax haldi\u00f0 aftur til borgarinnar Lasi en \u00fea\u00f0an ver\u00f0ur s\u00ed\u00f0an flogi\u00f0 s\u00f6mu lei\u00f0 heim \u00e1 sunnudag. S\u00ed\u00f0ari leikurinn ver\u00f0ur \u00ed Safam\u00fdrinni laugardaginn 21. n\u00f3v. kl. 17:00.<br \/>\nEkki er miki\u00f0 vita\u00f0 um li\u00f0 H.C.M Roman, \u00a0li\u00f0i\u00f0 er sem stendur \u00ed 6 s\u00e6ti r\u00famensku deildarinnar.\u00a0 R\u00famenska deildin er reyndar mj\u00f6g sterk um \u00feessar mundir og\u00a0 \u00ed deildinni leika margir sterkir erlendir leikmenn. Roman li\u00f0i\u00f0 er me\u00f0 mj\u00f6g h\u00e1vaxna og \u00f6fluga leikmenn, me\u00f0 li\u00f0inu leika \u00fer\u00edr erlendir leikmenn, li\u00f0i\u00f0 er me\u00f0 sterkan markv\u00f6r\u00f0, l\u00ednumann og \u201crisavaxnar\u201d skyttur. \u00a0Stelpurnar \u00feurfa \u00fev\u00ed a\u00f0 undirb\u00faa sig fyrir mj\u00f6g erfi\u00f0an leik \u00e1 erfi\u00f0um \u00fativelli og ver\u00f0ur ver\u00f0ugt markmi\u00f0i\u00f0 a\u00f0 n\u00e1 hagst\u00e6\u00f0um \u00farslitum fyrir seinnileikinn. Vi\u00f0 \u00e6tlum a\u00f0 reyna a\u00f0 vera me\u00f0 beina l\u00fdsingu fr\u00e1 leiknum \u00e1 laugardag, vi\u00f0 vitum ekki \u00ed hva\u00f0a formi h\u00fan ver\u00f0ur en l\u00e1tum ykkur vita \u00e1 heimas\u00ed\u00f0unni hvernig vi\u00f0 getum gert \u00fea\u00f0 sem best.\u00a0 Munum allavega vera me\u00f0 uppl\u00fdsingar um gang m\u00e1la \u00e1 heimas\u00ed\u00f0unni \u00e1 laugardag, fylgist \u00fevi vel me\u00f0.<\/p>\n<p>Gangi ykkur vel og g\u00f3\u00f0a fer\u00f0.<\/p>\n<p>&nbsp;<\/p>\n<p>\u00c1FRAM FRAM<\/p>","protected":false},"excerpt":{"rendered":"<p>Stelpurnar okkar \u00ed mfl. kvenna handbolta, halda \u00ed dag \u00e1lei\u00f0is til R\u00famen\u00edu en \u00fear leikur li\u00f0i\u00f0 vi\u00f0 H.C.M Roman \u00ed 3. umfer\u00f0 Evr\u00f3pukeppninnar, EHF-cup. Stelpurnar munu halda til London \u00fear [&hellip;]<\/p>","protected":false},"author":4,"featured_media":11130,"comment_status":"open","ping_status":"open","sticky":false,"template":"","format":"standard","meta":{"_monsterinsights_skip_tracking":false,"_monsterinsights_sitenote_active":false,"_monsterinsights_sitenote_note":"","_monsterinsights_sitenote_category":0,"_jetpack_memberships_contains_paid_content":false,"footnotes":""},"categories":[1],"tags":[],"class_list":["post-11707","post","type-post","status-publish","format-standard","has-post-thumbnail","hentry","category-uncategorized"],"jetpack_sharing_enabled":true,"jetpack_featured_media_url":"https:\/\/fram.is\/wp-content\/uploads\/2015\/09\/Ragnarsm\u00f3tsmeistarar-2015-vefur-scaled.jpg","_links":{"self":[{"href":"https:\/\/fram.is\/is\/wp-json\/wp\/v2\/posts\/11707","targetHints":{"allow":["GET"]}}],"collection":[{"href":"https:\/\/fram.is\/is\/wp-json\/wp\/v2\/posts"}],"about":[{"href":"https:\/\/fram.is\/is\/wp-json\/wp\/v2\/types\/post"}],"author":[{"embeddable":true,"href":"https:\/\/fram.is\/is\/wp-json\/wp\/v2\/users\/4"}],"replies":[{"embeddable":true,"href":"https:\/\/fram.is\/is\/wp-json\/wp\/v2\/comments?post=11707"}],"version-history":[{"count":0,"href":"https:\/\/fram.is\/is\/wp-json\/wp\/v2\/posts\/11707\/revisions"}],"wp:featuredmedia":[{"embeddable":true,"href":"https:\/\/fram.is\/is\/wp-json\/wp\/v2\/media\/11130"}],"wp:attachment":[{"href":"https:\/\/fram.is\/is\/wp-json\/wp\/v2\/media?parent=11707"}],"wp:term":[{"taxonomy":"category","embeddable":true,"href":"https:\/\/fram.is\/is\/wp-json\/wp\/v2\/categories?post=11707"},{"taxonomy":"post_tag","embeddable":true,"href":"https:\/\/fram.is\/is\/wp-json\/wp\/v2\/tags?post=11707"}],"curies":[{"name":"wp","href":"https:\/\/api.w.org\/{rel}","templated":true}]}}