{"id":11736,"date":"2015-11-14T20:52:44","date_gmt":"2015-11-14T20:52:44","guid":{"rendered":"http:\/\/fram.is\/?p=11736"},"modified":"2015-11-14T20:52:44","modified_gmt":"2015-11-14T20:52:44","slug":"gudrun-og-hafdis-meiddust-i-rumeniu","status":"publish","type":"post","link":"https:\/\/fram.is\/is\/2015\/11\/14\/gudrun-og-hafdis-meiddust-i-rumeniu\/","title":{"rendered":"Gu\u00f0r\u00fan og Hafd\u00eds meiddust \u00ed R\u00famen\u00edu"},"content":{"rendered":"<p><a href=\"http:\/\/fram.is\/wp-content\/uploads\/2015\/11\/hafd\u00eds.jpg\"><img fetchpriority=\"high\" decoding=\"async\" class=\"alignright size-medium wp-image-11737\" src=\"http:\/\/fram.is\/wp-content\/uploads\/2015\/11\/hafd\u00eds-300x300.jpg\" alt=\"hafd\u00eds\" width=\"300\" height=\"300\" \/><\/a><a href=\"http:\/\/fram.is\/wp-content\/uploads\/2015\/11\/Gu\u00f0run-Osk.jpg\"><img decoding=\"async\" class=\"alignright size-medium wp-image-11738\" src=\"http:\/\/fram.is\/wp-content\/uploads\/2015\/11\/Gu\u00f0run-Osk-200x300.jpg\" alt=\"Gu\u00f0run Osk\" width=\"200\" height=\"300\" \/><\/a>Hafd\u00eds Iura og Gu\u00f0r\u00fan \u00d3sk meiddust b\u00e1\u00f0ar \u00ed leiknum gegn H.M.C Roman \u00ed dag.<br \/>\nHafd\u00eds meiddist \u00ed fyrri h\u00e1lfleik og \u00fea\u00f0 l\u00edtur \u00fat fyrir a\u00f0 mei\u00f0sl hennar g\u00e6tu veri\u00f0 alvarleg.<br \/>\nHafd\u00eds f\u00f3r \u00ed sko\u00f0un \u00e1 sp\u00edtala en ekki er vita\u00f0 hverslu alvarleg mei\u00f0slin eru\u00a0 en men \u00f3ttast a\u00f0 krossb\u00f6nd g\u00e6tu veri\u00f0 sk\u00f6ddu\u00f0.\u00a0 \u00dea\u00f0 mun ekki koma \u00ed lj\u00f3s fyrr en li\u00f0i\u00f0 kemur heim og n\u00e1nari greining fer fram.\u00a0 Gu\u00f0r\u00fan \u00d3sk meiddist svo \u00ed s\u00ed\u00f0ari h\u00e1lfleik og var \u00f3ttast a\u00f0 h\u00fan hef\u00f0i brotna\u00f0 \u00e1 \u00f6kla en \u00ed myndat\u00f6ku kom \u00ed lj\u00f3s a\u00f0 stelpan er \u00f3brotin en illa tognu\u00f0.\u00a0 Vi\u00f0 sendum stelpunum okkar bata kve\u00f0jur og vonum a\u00f0 mei\u00f0slin s\u00e9u ekki \u00fea\u00f0 alvarleg a\u00f0 \u00feau haldi \u00feeim fr\u00e1 keppni.<br \/>\n\u00dea\u00f0 er tveir h\u00f6rkuleikir \u00ed n\u00e6stu viku, heimaleikur gegn Gr\u00f3ttu \u00e1 mi\u00f0vikudag og svo leikur vi\u00f0 Roman \u00e1 laugardag.<\/p>\n<p>\u00c1FRAM FRAM<\/p>","protected":false},"excerpt":{"rendered":"<p>Hafd\u00eds Iura og Gu\u00f0r\u00fan \u00d3sk meiddust b\u00e1\u00f0ar \u00ed leiknum gegn H.M.C Roman \u00ed dag. Hafd\u00eds meiddist \u00ed fyrri h\u00e1lfleik og \u00fea\u00f0 l\u00edtur \u00fat fyrir a\u00f0 mei\u00f0sl hennar g\u00e6tu veri\u00f0 alvarleg. [&hellip;]<\/p>","protected":false},"author":4,"featured_media":11739,"comment_status":"open","ping_status":"open","sticky":false,"template":"","format":"standard","meta":{"_monsterinsights_skip_tracking":false,"_monsterinsights_sitenote_active":false,"_monsterinsights_sitenote_note":"","_monsterinsights_sitenote_category":0,"_jetpack_memberships_contains_paid_content":false,"footnotes":""},"categories":[6,15],"tags":[],"class_list":["post-11736","post","type-post","status-publish","format-standard","has-post-thumbnail","hentry","category-handbolti","category-mfl-kvenna"],"jetpack_sharing_enabled":true,"jetpack_featured_media_url":"https:\/\/fram.is\/wp-content\/uploads\/2015\/11\/hafd\u00eds-vefur.jpg","_links":{"self":[{"href":"https:\/\/fram.is\/is\/wp-json\/wp\/v2\/posts\/11736","targetHints":{"allow":["GET"]}}],"collection":[{"href":"https:\/\/fram.is\/is\/wp-json\/wp\/v2\/posts"}],"about":[{"href":"https:\/\/fram.is\/is\/wp-json\/wp\/v2\/types\/post"}],"author":[{"embeddable":true,"href":"https:\/\/fram.is\/is\/wp-json\/wp\/v2\/users\/4"}],"replies":[{"embeddable":true,"href":"https:\/\/fram.is\/is\/wp-json\/wp\/v2\/comments?post=11736"}],"version-history":[{"count":0,"href":"https:\/\/fram.is\/is\/wp-json\/wp\/v2\/posts\/11736\/revisions"}],"wp:featuredmedia":[{"embeddable":true,"href":"https:\/\/fram.is\/is\/wp-json\/wp\/v2\/media\/11739"}],"wp:attachment":[{"href":"https:\/\/fram.is\/is\/wp-json\/wp\/v2\/media?parent=11736"}],"wp:term":[{"taxonomy":"category","embeddable":true,"href":"https:\/\/fram.is\/is\/wp-json\/wp\/v2\/categories?post=11736"},{"taxonomy":"post_tag","embeddable":true,"href":"https:\/\/fram.is\/is\/wp-json\/wp\/v2\/tags?post=11736"}],"curies":[{"name":"wp","href":"https:\/\/api.w.org\/{rel}","templated":true}]}}