{"id":11743,"date":"2015-11-15T17:46:10","date_gmt":"2015-11-15T17:46:10","guid":{"rendered":"http:\/\/fram.is\/?p=11743"},"modified":"2015-11-15T17:46:10","modified_gmt":"2015-11-15T17:46:10","slug":"heidrun-dis-magnusdottir-valinn-i-landslidshop-islands-u-18","status":"publish","type":"post","link":"https:\/\/fram.is\/is\/2015\/11\/15\/heidrun-dis-magnusdottir-valinn-i-landslidshop-islands-u-18\/","title":{"rendered":"Hei\u00f0r\u00fan D\u00eds Magn\u00fasd\u00f3ttir valinn \u00ed landsli\u00f0sh\u00f3p \u00cdslands U-18"},"content":{"rendered":"<p><a href=\"http:\/\/fram.is\/wp-content\/uploads\/2015\/05\/Hei\u00f0r\u00fan-D\u00eds.jpg\"><img fetchpriority=\"high\" decoding=\"async\" class=\"alignright size-medium wp-image-10345\" src=\"http:\/\/fram.is\/wp-content\/uploads\/2015\/05\/Hei\u00f0r\u00fan-D\u00eds-300x300.jpg\" alt=\"Hei\u00f0r\u00fan D\u00eds\" width=\"300\" height=\"300\" \/><\/a>Valinn hefur veri\u00f0 \u00a016 manna h\u00f3pur \u00cdslands \u00ed handbolta st\u00falkna U-18 en h\u00f3purinn kemur saman til\u00a0 \u00e6finga<br \/>\n23-29. n\u00f3vember. \u00c6fingarnar eru hluti af undirb\u00faningi li\u00f0sins fyrir \u00e6fingam\u00f3t \u00a0\u00ed P\u00f3llandi 17 -21. desember.<br \/>\nVi\u00f0 FRAMarar erum stoltir af \u00a0\u00fev\u00ed a\u00f0 eiga fulltr\u00faa \u00ed \u00feessum\u00a0 h\u00f3pi en markv\u00f6r\u00f0urinn Hei\u00f0r\u00fan D\u00eds Magn\u00fasd\u00f3ttir var valinn a\u00f0 \u00feessu sinni.<\/p>\n<p><span style=\"font-style: inherit; font-weight: inherit;\">Hei\u00f0r\u00fan D\u00eds Magn\u00fasd\u00f3ttir\u00a0\u00a0\u00a0\u00a0\u00a0\u00a0\u00a0\u00a0\u00a0\u00a0\u00a0\u00a0\u00a0\u00a0\u00a0\u00a0\u00a0\u00a0\u00a0\u00a0\u00a0\u00a0 Fram<\/p>\n<p><\/span>Gangi \u00fe\u00e9r vel Hei\u00f0r\u00fan<\/p>\n<p>\u00c1FRAM FRAM<\/p>\n<p>&nbsp;<\/p>","protected":false},"excerpt":{"rendered":"<p>Valinn hefur veri\u00f0 \u00a016 manna h\u00f3pur \u00cdslands \u00ed handbolta st\u00falkna U-18 en h\u00f3purinn kemur saman til\u00a0 \u00e6finga 23-29. n\u00f3vember. \u00c6fingarnar eru hluti af undirb\u00faningi li\u00f0sins fyrir \u00e6fingam\u00f3t \u00a0\u00ed P\u00f3llandi 17 [&hellip;]<\/p>","protected":false},"author":4,"featured_media":6258,"comment_status":"open","ping_status":"open","sticky":false,"template":"","format":"standard","meta":{"_monsterinsights_skip_tracking":false,"_monsterinsights_sitenote_active":false,"_monsterinsights_sitenote_note":"","_monsterinsights_sitenote_category":0,"_jetpack_memberships_contains_paid_content":false,"footnotes":""},"categories":[7,6,25],"tags":[],"class_list":["post-11743","post","type-post","status-publish","format-standard","has-post-thumbnail","hentry","category-yngri-flokkar","category-handbolti","category-leikmannakynningar-mfl-karla"],"jetpack_sharing_enabled":true,"jetpack_featured_media_url":"https:\/\/fram.is\/wp-content\/uploads\/2014\/03\/Hei\u00f0r\u00fan-D\u00eds-ver-v\u00edtakast.-scaled.jpg","_links":{"self":[{"href":"https:\/\/fram.is\/is\/wp-json\/wp\/v2\/posts\/11743","targetHints":{"allow":["GET"]}}],"collection":[{"href":"https:\/\/fram.is\/is\/wp-json\/wp\/v2\/posts"}],"about":[{"href":"https:\/\/fram.is\/is\/wp-json\/wp\/v2\/types\/post"}],"author":[{"embeddable":true,"href":"https:\/\/fram.is\/is\/wp-json\/wp\/v2\/users\/4"}],"replies":[{"embeddable":true,"href":"https:\/\/fram.is\/is\/wp-json\/wp\/v2\/comments?post=11743"}],"version-history":[{"count":0,"href":"https:\/\/fram.is\/is\/wp-json\/wp\/v2\/posts\/11743\/revisions"}],"wp:featuredmedia":[{"embeddable":true,"href":"https:\/\/fram.is\/is\/wp-json\/wp\/v2\/media\/6258"}],"wp:attachment":[{"href":"https:\/\/fram.is\/is\/wp-json\/wp\/v2\/media?parent=11743"}],"wp:term":[{"taxonomy":"category","embeddable":true,"href":"https:\/\/fram.is\/is\/wp-json\/wp\/v2\/categories?post=11743"},{"taxonomy":"post_tag","embeddable":true,"href":"https:\/\/fram.is\/is\/wp-json\/wp\/v2\/tags?post=11743"}],"curies":[{"name":"wp","href":"https:\/\/api.w.org\/{rel}","templated":true}]}}