{"id":11783,"date":"2015-11-19T09:33:58","date_gmt":"2015-11-19T09:33:58","guid":{"rendered":"http:\/\/fram.is\/?p=11783"},"modified":"2015-11-19T09:33:58","modified_gmt":"2015-11-19T09:33:58","slug":"fotboltinn-kominn-a-fullt-aefingaleikir-og-futsal","status":"publish","type":"post","link":"https:\/\/fram.is\/is\/2015\/11\/19\/fotboltinn-kominn-a-fullt-aefingaleikir-og-futsal\/","title":{"rendered":"F\u00f3tboltinn kominn \u00e1 fullt, \u00e6fingaleikir og futsal"},"content":{"rendered":"<p><a href=\"http:\/\/fram.is\/wp-content\/uploads\/2015\/11\/\u00c1si.jpg\"><img fetchpriority=\"high\" decoding=\"async\" class=\"alignright size-medium wp-image-11649\" src=\"http:\/\/fram.is\/wp-content\/uploads\/2015\/11\/\u00c1si-300x261.jpg\" alt=\"\u00c1si\" width=\"300\" height=\"261\" \/><\/a>\u00c1smundur Arnarsson \u00fej\u00e1lfari mfl. karla situr ekki au\u00f0um h\u00f6ndum \u00feessa dagana, \u00e6fingar ganga vel og margir leikmenn hafa fengi\u00f0 a\u00f0 spreyta sig \u00e1 \u00e6fingum me\u00f0 li\u00f0inu.\u00a0 \u00c1smundur er n\u00fana a\u00f0 skera h\u00f3pinn ni\u00f0ur og \u00e6tlar a\u00f0 skera meira ni\u00f0ur \u00e1 n\u00e6stunni.\u00a0 Li\u00f0i\u00f0 spila\u00f0i sinn fyrsta \u00e6fingaleik undir stj\u00f3rn \u00c1smundar \u00ed s\u00ed\u00f0ustu viku en \u00fe\u00e1 m\u00e6ttum vi\u00f0 Brei\u00f0ablik \u00ed F\u00edfunni og bi\u00f0um l\u00e6gri hlut me\u00f0 minnsta mun. 1-0. \u00dea\u00f0 er ekki miki\u00f0 h\u00e6gt a\u00f0 segja um \u00feennan leik nema a\u00f0 hann gekk \u00e1g\u00e6tlega og \u00c1smundur var \u00feokkalega s\u00e1ttur vi\u00f0 leikinn \u00ed heild.\u00a0 N\u00e6sti \u00e6fingaleikur ver\u00f0ur\u00a0 \u00e1 fimmtudag en \u00fe\u00e1 leikur li\u00f0i\u00f0 gegn HK \u00ed K\u00f3rnum og hefst leikurinn kl. 18:30.<br \/>\nStr\u00e1karnir \u00ed mfl. munu svo \u00a0taka \u00fe\u00e1tt \u00ed \u00cdslandsm\u00f3tinu \u00ed futsal en li\u00f0i\u00f0 er \u00ed ri\u00f0li me\u00f0 Selfoss, Sindra og Erninum. Fyrri umfer\u00f0 ri\u00f0ilsins ver\u00f0ur leikinn \u00e1 Selfossi sunnudaginn 22. n\u00f3v. og hefst fyrsti leikurinn kl. 14:00 \u00ed \u00ed\u00fer\u00f3ttah\u00fasinu I\u00f0u \u00e1 Selfossi.\u00a0 Ekki hafa drengirnir \u00e6ft s\u00e9rstaklega fyrir \u00feetta m\u00f3t og \u00fev\u00ed rennum vi\u00f0 nokku\u00f0 blit \u00ed sj\u00f3inn me\u00f0 \u00fea\u00f0 hvernig vi\u00f0 komum \u00fat \u00far \u00feessum inni bolta. S\u00ed\u00f0ari umfer\u00f0in ver\u00f0ur svo leikinn sunnudaginn 13. des. \u00ed \u00ed\u00fer\u00f3ttah\u00fasi K\u00f3rsins. N\u00e1nar um \u00feessa leiki \u00e1 heimas\u00ed\u00f0u KS\u00cd.<br \/>\nFyrir \u00e1hugasama \u00fe\u00e1 munu str\u00e1karnir leika nokkra \u00e6fingaleik fram a\u00f0 \u00e1ram\u00f3tum og h\u00e9r m\u00e1 sj\u00e1 dagskr\u00e1 li\u00f0sins fram til j\u00f3la.<br \/>\nFimmtud 19.n\u00f3v \u00a0 kl. 18:30 K\u00f3rinn &#8211; HK-Fram<br \/>\nSunnud 22.n\u00f3v \u00a0 \u00a0kl. 14:00 Selfoss &#8211; \u00cdslandsm\u00f3ti\u00f0 \u00ed Futsal fyrri umfer\u00f0:Selfoss, Sindri, \u00d6rninn<br \/>\nM\u00e1nud 30.n\u00f3v \u00a0 \u00a0 \u00a0kl. 18:30 Egilsh\u00f6ll &#8211; Valur-Fram<br \/>\nF\u00f6stud 11.des \u00a0 \u00a0 \u00a0kl. 20:00 Egilsh\u00f6ll &#8211; Fram-Grindav\u00edk<br \/>\nSunnud 13.des \u00a0 \u00a0kl. 13:00 K\u00f3rinn &#8211; \u00cdslandsm\u00f3ti\u00f0 \u00ed Futsal seinni umfer\u00f0: Selfoss, Sindri, \u00d6rninn<br \/>\nMi\u00f0vd 16.des \u00a0 \u00a0 \u00a0 kl. 18:30 Egilsh\u00f6ll &#8211; Leiknir-Fram (ekki sta\u00f0fest)<\/p>\n<p>\u00c1FRAM FRAM<\/p>\n<p>&nbsp;<\/p>","protected":false},"excerpt":{"rendered":"<p>\u00c1smundur Arnarsson \u00fej\u00e1lfari mfl. karla situr ekki au\u00f0um h\u00f6ndum \u00feessa dagana, \u00e6fingar ganga vel og margir leikmenn hafa fengi\u00f0 a\u00f0 spreyta sig \u00e1 \u00e6fingum me\u00f0 li\u00f0inu.\u00a0 \u00c1smundur er n\u00fana a\u00f0 [&hellip;]<\/p>","protected":false},"author":4,"featured_media":11652,"comment_status":"open","ping_status":"open","sticky":false,"template":"","format":"standard","meta":{"_monsterinsights_skip_tracking":false,"_monsterinsights_sitenote_active":false,"_monsterinsights_sitenote_note":"","_monsterinsights_sitenote_category":0,"_jetpack_memberships_contains_paid_content":false,"footnotes":""},"categories":[11,9],"tags":[],"class_list":["post-11783","post","type-post","status-publish","format-standard","has-post-thumbnail","hentry","category-mflkarla","category-fotbolti"],"jetpack_sharing_enabled":true,"jetpack_featured_media_url":"https:\/\/fram.is\/wp-content\/uploads\/2015\/11\/Fyrsta-\u00e6fing-scaled.jpg","_links":{"self":[{"href":"https:\/\/fram.is\/is\/wp-json\/wp\/v2\/posts\/11783","targetHints":{"allow":["GET"]}}],"collection":[{"href":"https:\/\/fram.is\/is\/wp-json\/wp\/v2\/posts"}],"about":[{"href":"https:\/\/fram.is\/is\/wp-json\/wp\/v2\/types\/post"}],"author":[{"embeddable":true,"href":"https:\/\/fram.is\/is\/wp-json\/wp\/v2\/users\/4"}],"replies":[{"embeddable":true,"href":"https:\/\/fram.is\/is\/wp-json\/wp\/v2\/comments?post=11783"}],"version-history":[{"count":0,"href":"https:\/\/fram.is\/is\/wp-json\/wp\/v2\/posts\/11783\/revisions"}],"wp:featuredmedia":[{"embeddable":true,"href":"https:\/\/fram.is\/is\/wp-json\/wp\/v2\/media\/11652"}],"wp:attachment":[{"href":"https:\/\/fram.is\/is\/wp-json\/wp\/v2\/media?parent=11783"}],"wp:term":[{"taxonomy":"category","embeddable":true,"href":"https:\/\/fram.is\/is\/wp-json\/wp\/v2\/categories?post=11783"},{"taxonomy":"post_tag","embeddable":true,"href":"https:\/\/fram.is\/is\/wp-json\/wp\/v2\/tags?post=11783"}],"curies":[{"name":"wp","href":"https:\/\/api.w.org\/{rel}","templated":true}]}}