{"id":11841,"date":"2015-11-27T14:50:04","date_gmt":"2015-11-27T14:50:04","guid":{"rendered":"http:\/\/fram.is\/?p=11841"},"modified":"2015-11-27T14:50:04","modified_gmt":"2015-11-27T14:50:04","slug":"11841","status":"publish","type":"post","link":"https:\/\/fram.is\/is\/2015\/11\/27\/11841\/","title":{"rendered":"Vel m\u00e6tt \u00ed s\u00fapuh\u00e1degi FRAM"},"content":{"rendered":"<p><a href=\"http:\/\/fram.is\/wp-content\/uploads\/2015\/11\/S\u00fapa-f\u00edn.jpg\"><img fetchpriority=\"high\" decoding=\"async\" class=\"alignright size-medium wp-image-11842\" src=\"http:\/\/fram.is\/wp-content\/uploads\/2015\/11\/S\u00fapa-f\u00edn-300x261.jpg\" alt=\"S\u00fapa f\u00edn\" width=\"300\" height=\"261\" \/><\/a><a href=\"http:\/\/fram.is\/wp-content\/uploads\/2015\/11\/Gulli.jpg\"><img decoding=\"async\" class=\"alignright size-medium wp-image-11843\" src=\"http:\/\/fram.is\/wp-content\/uploads\/2015\/11\/Gulli-300x261.jpg\" alt=\"Gulli\" width=\"300\" height=\"261\" \/><\/a>Vi\u00f0 FRAMarar h\u00e9ldum \u00ed dag s\u00fapufund n\u00famer \u00ferj\u00fa. Vi\u00f0 erum als\u00e6lir me\u00f0 m\u00e6tinguna, nokkur n\u00fd andlit sem var fr\u00e1b\u00e6rt a\u00f0 sj\u00e1.\u00a0 Okkur telst til a\u00f0 \u00fea\u00f0 hafi veri\u00f0 r\u00famlega 70 \u00a0menn og konur sem g\u00e6ddu s\u00e9r \u00a0\u00e1 \u00feessari l\u00edka f\u00ednu s\u00fapu. \u00dea\u00f0 var virkilega skemmtilegt a\u00f0 sj\u00e1 alla \u00feessa FRAMarar \u00e1 \u00f6llum aldri rifja upp gamla daga og r\u00e6\u00f0a m\u00e1lefni dagsins.<br \/>\nVi\u00f0 fengum til okkar gest en Gu\u00f0laugur Arnarsson \u00fej\u00e1lfari meistaraflokks karla m\u00e6tti og h\u00e9lt sm\u00e1 t\u00f6lu um karla li\u00f0 FRAM \u00ed handbolta. \u00dear f\u00f3r hann yfir hvernig li\u00f0i\u00f0 hefur veri\u00f0 a\u00f0 \u00fer\u00f3ast s\u00ed\u00f0ustu tv\u00f6 \u00e1r. Gu\u00f0laugur koma me\u00f0 t\u00f6lulegar uppl\u00fdsingar sem \u00fej\u00e1lfarateymi\u00f0 er a\u00f0 vinna me\u00f0 og \u00fatsk\u00fdr\u00f0i helstu breytingar sem hafa or\u00f0i\u00f0 \u00e1 li\u00f0inu \u00e1 milli \u00e1ra. Hva\u00f0 hefur veri\u00f0 a\u00f0 batna og \u00fea\u00f0 sem \u00fearf a\u00f0 laga enn frekar.\u00a0 Nefndi t.d a\u00f0 \u00ed leiknum \u00ed g\u00e6r voru 10 af 14 leikm\u00f6nnum \u00e1 sk\u00fdrslu uppaldir FRAMarar.\u00a0 Flott innlegg fr\u00e1 Gulla og vi\u00f0 \u00e6tlum a\u00f0 halda \u00e1fram me\u00f0 svona heims\u00f3knir og munum bo\u00f0a til okkar a\u00f0ra \u00fej\u00e1lfara \u00e1 n\u00e6sta fund.<\/p>\n<p>\u00dea\u00f0 er von okkar a\u00f0 vi\u00f0 sj\u00e1um alla \u00fe\u00e1 sem komu \u00ed dag og enn fleiri \u00feegar vi\u00f0 h\u00f6ldum n\u00e6sta fund sem ver\u00f0ur \u00e1 n\u00fdju \u00e1ri e\u00f0a 29. jan\u00faar 2016. Hvetjum alla FRAMara til a\u00f0 m\u00e6ta og hj\u00e1lpa okkur a\u00f0 l\u00e1ta fleiri vita af \u00feessari velheppnu\u00f0u upp\u00e1komu.<br \/>\nMinnum \u00e1 val \u00e1 \u201e\u00ed\u00fer\u00f3ttamanni FRAM 2015\u201c mi\u00f0vikudaginn 30. jan. Kl. 18:00. \u00dear eru allir velkomnir<\/p>\n<p>Takk fyirr komuna<\/p>\n<p>\u00c1FRAM FRAM<\/p>\n<p>&nbsp;<\/p>","protected":false},"excerpt":{"rendered":"<p>Vi\u00f0 FRAMarar h\u00e9ldum \u00ed dag s\u00fapufund n\u00famer \u00ferj\u00fa. Vi\u00f0 erum als\u00e6lir me\u00f0 m\u00e6tinguna, nokkur n\u00fd andlit sem var fr\u00e1b\u00e6rt a\u00f0 sj\u00e1.\u00a0 Okkur telst til a\u00f0 \u00fea\u00f0 hafi veri\u00f0 r\u00famlega 70 [&hellip;]<\/p>","protected":false},"author":4,"featured_media":11844,"comment_status":"open","ping_status":"open","sticky":false,"template":"","format":"standard","meta":{"_monsterinsights_skip_tracking":false,"_monsterinsights_sitenote_active":false,"_monsterinsights_sitenote_note":"","_monsterinsights_sitenote_category":0,"_jetpack_memberships_contains_paid_content":false,"footnotes":""},"categories":[8,10],"tags":[],"class_list":["post-11841","post","type-post","status-publish","format-standard","has-post-thumbnail","hentry","category-adalstjorn","category-frettir"],"jetpack_sharing_enabled":true,"jetpack_featured_media_url":"https:\/\/fram.is\/wp-content\/uploads\/2015\/11\/S\u00fapa-vefur-go\u00f0-scaled.jpg","_links":{"self":[{"href":"https:\/\/fram.is\/is\/wp-json\/wp\/v2\/posts\/11841","targetHints":{"allow":["GET"]}}],"collection":[{"href":"https:\/\/fram.is\/is\/wp-json\/wp\/v2\/posts"}],"about":[{"href":"https:\/\/fram.is\/is\/wp-json\/wp\/v2\/types\/post"}],"author":[{"embeddable":true,"href":"https:\/\/fram.is\/is\/wp-json\/wp\/v2\/users\/4"}],"replies":[{"embeddable":true,"href":"https:\/\/fram.is\/is\/wp-json\/wp\/v2\/comments?post=11841"}],"version-history":[{"count":0,"href":"https:\/\/fram.is\/is\/wp-json\/wp\/v2\/posts\/11841\/revisions"}],"wp:featuredmedia":[{"embeddable":true,"href":"https:\/\/fram.is\/is\/wp-json\/wp\/v2\/media\/11844"}],"wp:attachment":[{"href":"https:\/\/fram.is\/is\/wp-json\/wp\/v2\/media?parent=11841"}],"wp:term":[{"taxonomy":"category","embeddable":true,"href":"https:\/\/fram.is\/is\/wp-json\/wp\/v2\/categories?post=11841"},{"taxonomy":"post_tag","embeddable":true,"href":"https:\/\/fram.is\/is\/wp-json\/wp\/v2\/tags?post=11841"}],"curies":[{"name":"wp","href":"https:\/\/api.w.org\/{rel}","templated":true}]}}