{"id":11885,"date":"2015-12-03T23:22:28","date_gmt":"2015-12-03T23:22:28","guid":{"rendered":"http:\/\/fram.is\/?p=11885"},"modified":"2015-12-03T23:22:28","modified_gmt":"2015-12-03T23:22:28","slug":"andleysi-og-tap-i-olisdeild-karla","status":"publish","type":"post","link":"https:\/\/fram.is\/is\/2015\/12\/03\/andleysi-og-tap-i-olisdeild-karla\/","title":{"rendered":"Andleysi og tap \u00ed Ol\u00edsdeild karla"},"content":{"rendered":"<p><a href=\"http:\/\/fram.is\/wp-content\/uploads\/2015\/12\/\u00d3\u00f0inn.jpg\"><img fetchpriority=\"high\" decoding=\"async\" class=\"alignright size-medium wp-image-11886\" src=\"http:\/\/fram.is\/wp-content\/uploads\/2015\/12\/\u00d3\u00f0inn-300x300.jpg\" alt=\"\u00d3\u00f0inn\" width=\"300\" height=\"300\" \/><\/a>Str\u00e1karnir okkar \u00ed handboltanum m\u00e6ttu Gr\u00f3ttu \u00e1 nesinu \u00ed Ol\u00edsdeild karla \u00ed kv\u00f6ld.\u00a0 \u00dea\u00f0 var \u00e1g\u00e6tlega m\u00e6tt af okkar f\u00f3lki en frekar hlj\u00f3tt \u00e1 p\u00f6llunum enda gaf leikur okkar \u00ed kv\u00f6ld ekki miki\u00f0 tilefni til a\u00f0 k\u00e6tast miki\u00f0.<br \/>\nVi\u00f0 byrju\u00f0um leikinn svo sem s\u00e6milega jafnt \u00e1 flestum t\u00f6lum til a\u00f0 byrja me\u00f0 og jafnt eftir 10 m\u00edn. 4-4. \u00de\u00e1 skildu lei\u00f0ir, vi\u00f0 fengum \u00e1 okkur 4 m\u00f6rk \u00e1 n\u00e6stu fj\u00f3rum m\u00edn. \u00e1n \u00feess a\u00f0 setja mark.\u00a0 Vi\u00f0 einhvern veginn ekki me\u00f0 \u00e1 n\u00f3tunum,\u00a0 v\u00f6rnin hriplek og miki\u00f0 um t\u00e6kni misst\u00f6k hj\u00e1 okkur s\u00f3knarlega.\u00a0 Sta\u00f0an eftir 20 m\u00edn.\u00a0 11-8.\u00a0 Vi\u00f0 n\u00e1\u00f0um okkur l\u00edti\u00f0 \u00e1 strik \u00fea\u00f0 sem eftir lif\u00f0i h\u00e1lfleiksins, v\u00f6rn og markvarslan ekki g\u00f3\u00f0 \u00e1samt \u00fev\u00ed a\u00f0 gera miki\u00f0 af misst\u00f6kum.\u00a0 Vorum samt inni \u00ed leiknum, ger\u00f0um 13 m\u00f6rk \u00ed fyrri h\u00e1lfleik sem er \u00ed me\u00f0allagi hj\u00e1 okkar li\u00f0i en a\u00f0 f\u00e1 \u00e1 sig 17 m\u00f6rk er ekki gott.\u00a0 Sta\u00f0an \u00ed h\u00e1lfleik 17-13.\u00a0 Einhver deif\u00f0 yfir okkar leikm\u00f6nnum og bar\u00e1ttuleysi.<br \/>\nVi\u00f0 byrju\u00f0um s\u00ed\u00f0ari h\u00e1lfleikinn \u00e1g\u00e6tlega, byrjum flj\u00f3tt a\u00f0 saxa \u00e1 forskoti\u00f0, v\u00f6rnin og markvarslan laga\u00f0ist a\u00f0eins, sta\u00f0an eftir 40 m\u00edn. 20-18.\u00a0 N\u00e1\u00f0um svo a\u00f0 minnka muninn ni\u00f0ur \u00ed eitt mark \u00e1 43 m\u00edn en lengra f\u00f3rum vi\u00f0 ekki \u00ed kv\u00f6ld, til \u00feess l\u00e9kum vi\u00f0 ekki n\u00e6gjanlega vel.\u00a0 Sta\u00f0an eftir 50 m\u00edn.\u00a0 24-19.\u00a0 Vi\u00f0 n\u00e1\u00f0um ekki a\u00f0 gera neinar r\u00f3sir \u00fea\u00f0 sem eftir lif\u00f0i leiks og t\u00f6pum \u00feessu leik sanngjarnt. Lokat\u00f6lur 28-24. Vi\u00f0 l\u00e9kum \u00feennan leik illa, s\u00e9rstaklega var\u00f0 \u00e9g fyrir vonbrig\u00f0um me\u00f0 bar\u00e1ttu og andleysi\u00f0 sem bo\u00f0i\u00f0 var upp \u00e1. Svona leikur er alls ekki \u00ed okkar anda og eitthva\u00f0 sem \u00e9g hef ekki \u00e1huga \u00e1 a\u00f0 horfa \u00e1. \u00dea\u00f0 vanta\u00f0i Togga og kannski trufla\u00f0i \u00fea\u00f0 eitthva\u00f0 en \u00fe\u00e1 eiga \u00feeir sem hafa ef til vill spila\u00f0 minna, a\u00f0 minna eitthva\u00f0 \u00e1 sig, \u00e9g kalla eftir b\u00e6ttu hugarfari hj\u00e1 \u00feeim leikm\u00f6nnum.\u00a0 \u00c9g hef l\u00edti\u00f0 nennt a\u00f0 minnast \u00e1 d\u00f3mara \u00ed vetur \u00e1kva\u00f0 a\u00f0 sleppa \u00feeim a\u00f0 mestu en \u00feeir tveir sem d\u00e6mdu \u00ed kv\u00f6ld voru slakir og \u00fea\u00f0 bitna\u00f0i frekar \u00e1 okkur a\u00f0 m\u00e9r fannst.\u00a0 M\u00e9r fannst \u00feeir fylgjast illa me\u00f0, enginn l\u00edna \u00ed leiknum og t\u00f3ku au\u00f0veldu lei\u00f0ina a\u00f0 fylgja heimali\u00f0inu ekki \u00fea\u00f0 a\u00f0 vi\u00f0 hef\u00f0um sennilega ekki unni\u00f0 \u00fer\u00e1tt fyrir a\u00f0 koma betur \u00fat \u00far d\u00f3mg\u00e6slunni.\u00a0 \u00deurfum a\u00f0 l\u00e6ra af \u00feessum leik, \u00feetta hugarfar dugar aldrei, n\u00e6sti leikur er \u00ed bikarnum \u00e1 laugardag gegn li\u00f0i sem kann handbolta og \u00fev\u00ed lj\u00f3st a\u00f0 vi\u00f0 \u00feurfum a\u00f0 m\u00e6ta kl\u00e1rir til leiks.\u00a0 Sj\u00e1umst \u00e1 laugardag \u00ed Standg\u00f6tu kl. 17:30. \u00cd bikar er allt e\u00f0a ekkert.<\/p>\n<p>\u00c1FRAM FRAM<\/p>","protected":false},"excerpt":{"rendered":"<p>Str\u00e1karnir okkar \u00ed handboltanum m\u00e6ttu Gr\u00f3ttu \u00e1 nesinu \u00ed Ol\u00edsdeild karla \u00ed kv\u00f6ld.\u00a0 \u00dea\u00f0 var \u00e1g\u00e6tlega m\u00e6tt af okkar f\u00f3lki en frekar hlj\u00f3tt \u00e1 p\u00f6llunum enda gaf leikur okkar \u00ed [&hellip;]<\/p>","protected":false},"author":4,"featured_media":11887,"comment_status":"open","ping_status":"open","sticky":false,"template":"","format":"standard","meta":{"_monsterinsights_skip_tracking":false,"_monsterinsights_sitenote_active":false,"_monsterinsights_sitenote_note":"","_monsterinsights_sitenote_category":0,"_jetpack_memberships_contains_paid_content":false,"footnotes":""},"categories":[6,19],"tags":[],"class_list":["post-11885","post","type-post","status-publish","format-standard","has-post-thumbnail","hentry","category-handbolti","category-mfl-karla"],"jetpack_sharing_enabled":true,"jetpack_featured_media_url":"https:\/\/fram.is\/wp-content\/uploads\/2015\/12\/Arnar-Freyr-gegn-Akureyri-vefur.jpg","_links":{"self":[{"href":"https:\/\/fram.is\/is\/wp-json\/wp\/v2\/posts\/11885","targetHints":{"allow":["GET"]}}],"collection":[{"href":"https:\/\/fram.is\/is\/wp-json\/wp\/v2\/posts"}],"about":[{"href":"https:\/\/fram.is\/is\/wp-json\/wp\/v2\/types\/post"}],"author":[{"embeddable":true,"href":"https:\/\/fram.is\/is\/wp-json\/wp\/v2\/users\/4"}],"replies":[{"embeddable":true,"href":"https:\/\/fram.is\/is\/wp-json\/wp\/v2\/comments?post=11885"}],"version-history":[{"count":0,"href":"https:\/\/fram.is\/is\/wp-json\/wp\/v2\/posts\/11885\/revisions"}],"wp:featuredmedia":[{"embeddable":true,"href":"https:\/\/fram.is\/is\/wp-json\/wp\/v2\/media\/11887"}],"wp:attachment":[{"href":"https:\/\/fram.is\/is\/wp-json\/wp\/v2\/media?parent=11885"}],"wp:term":[{"taxonomy":"category","embeddable":true,"href":"https:\/\/fram.is\/is\/wp-json\/wp\/v2\/categories?post=11885"},{"taxonomy":"post_tag","embeddable":true,"href":"https:\/\/fram.is\/is\/wp-json\/wp\/v2\/tags?post=11885"}],"curies":[{"name":"wp","href":"https:\/\/api.w.org\/{rel}","templated":true}]}}