{"id":11925,"date":"2015-12-16T09:50:04","date_gmt":"2015-12-16T09:50:04","guid":{"rendered":"http:\/\/fram.is\/?p=11925"},"modified":"2015-12-16T09:50:04","modified_gmt":"2015-12-16T09:50:04","slug":"fram-komid-i-8-lida-urslit-a-islandsmotinu-i-futsal","status":"publish","type":"post","link":"https:\/\/fram.is\/is\/2015\/12\/16\/fram-komid-i-8-lida-urslit-a-islandsmotinu-i-futsal\/","title":{"rendered":"FRAM komi\u00f0 \u00ed 8 li\u00f0a \u00farslit \u00e1 \u00cdslandsm\u00f3tinu \u00ed futsal"},"content":{"rendered":"<p><a href=\"http:\/\/fram.is\/wp-content\/uploads\/2015\/06\/FRAM-Gr\u00f3tta-III.jpg\"><img fetchpriority=\"high\" decoding=\"async\" class=\"alignright size-medium wp-image-10614\" src=\"http:\/\/fram.is\/wp-content\/uploads\/2015\/06\/FRAM-Gr\u00f3tta-III-300x242.jpg\" alt=\"FRAM - Gr\u00f3tta III\" width=\"300\" height=\"242\" \/><\/a>Str\u00e1karnir okkar \u00ed f\u00f3tboltanum l\u00e9ku um helgina seinni umfer\u00f0ina \u00e1 \u00cdslandsm\u00f3tinu \u00ed futsal. Leiki\u00f0 er \u00ed 4 li\u00f0a ri\u00f0lum og er leikin tv\u00f6f\u00f6ld umfer\u00f0 \u00ed hverjum ri\u00f0li.\u00a0 Vi\u00f0 l\u00e9kum \u00ed ri\u00f0li me\u00f0 Selfoss, Erninum og Sindra.\u00a0 Vi\u00f0 vorum efsti eftir fyrri umfer\u00f0ina me\u00f0 6 stig, jafnm\u00f6rg og Selfoss. Vi\u00f0 t\u00f6pu\u00f0um svo fyrir Selfoss \u00ed fyrsta leiknum um helgina 2-3 eftir a\u00f0 hafa komist \u00ed 2-0, b\u00f6lva\u00f0ur klaufaskapur. \u00a0Vi\u00f0 unnum hinsvegar hina leikina tvo, 7-3 og 4-0.\u00a0 \u00deetta trygg\u00f0i okkur anna\u00f0 s\u00e6ti\u00f0 \u00ed ri\u00f0linum og eru vi\u00f0 \u00fev\u00ed komnir \u00ed 8 li\u00f0a \u00farslit.\u00a0 \u00dear ver\u00f0ur leiki\u00f0 \u00ed \u00fatsl\u00e1ttarformi og m\u00e9r s\u00fdnist vi\u00f0 lenda \u00e1 m\u00f3ti \u00c1lftanesi \u00ed 8 li\u00f0a \u00farslitum \u00ed Laugardalsh\u00f6ll f\u00f6studaginn 8. jan. 2016.\u00a0 Undan\u00farslit ver\u00f0a svo leikin \u00feann 9.jan. og m\u00f3ti\u00f0 kl\u00e1rst sunnudaginn 10 jan.<br \/>\n\u00dea\u00f0 ver\u00f0ur \u00fev\u00ed spennandi a\u00f0 fylgjast me\u00f0 str\u00e1kunum \u00ed futsal \u00e1 n\u00fdju \u00e1ri.<\/p>\n<p>\u00c1FRAM FRAM<\/p>\n<p>P.s Mini \u00e1 \u00e6fingaleik Leiknis og FRAM \u00ed kv\u00f6ld 16. des. kl. 20:00 \u00ed Egilsh\u00f6ll.<\/p>","protected":false},"excerpt":{"rendered":"<p>Str\u00e1karnir okkar \u00ed f\u00f3tboltanum l\u00e9ku um helgina seinni umfer\u00f0ina \u00e1 \u00cdslandsm\u00f3tinu \u00ed futsal. Leiki\u00f0 er \u00ed 4 li\u00f0a ri\u00f0lum og er leikin tv\u00f6f\u00f6ld umfer\u00f0 \u00ed hverjum ri\u00f0li.\u00a0 Vi\u00f0 l\u00e9kum \u00ed [&hellip;]<\/p>","protected":false},"author":4,"featured_media":11107,"comment_status":"open","ping_status":"open","sticky":false,"template":"","format":"standard","meta":{"_monsterinsights_skip_tracking":false,"_monsterinsights_sitenote_active":false,"_monsterinsights_sitenote_note":"","_monsterinsights_sitenote_category":0,"_jetpack_memberships_contains_paid_content":false,"footnotes":""},"categories":[11,9],"tags":[],"class_list":["post-11925","post","type-post","status-publish","format-standard","has-post-thumbnail","hentry","category-mflkarla","category-fotbolti"],"jetpack_sharing_enabled":true,"jetpack_featured_media_url":"https:\/\/fram.is\/wp-content\/uploads\/2015\/09\/Fagn-scaled.jpg","_links":{"self":[{"href":"https:\/\/fram.is\/is\/wp-json\/wp\/v2\/posts\/11925","targetHints":{"allow":["GET"]}}],"collection":[{"href":"https:\/\/fram.is\/is\/wp-json\/wp\/v2\/posts"}],"about":[{"href":"https:\/\/fram.is\/is\/wp-json\/wp\/v2\/types\/post"}],"author":[{"embeddable":true,"href":"https:\/\/fram.is\/is\/wp-json\/wp\/v2\/users\/4"}],"replies":[{"embeddable":true,"href":"https:\/\/fram.is\/is\/wp-json\/wp\/v2\/comments?post=11925"}],"version-history":[{"count":0,"href":"https:\/\/fram.is\/is\/wp-json\/wp\/v2\/posts\/11925\/revisions"}],"wp:featuredmedia":[{"embeddable":true,"href":"https:\/\/fram.is\/is\/wp-json\/wp\/v2\/media\/11107"}],"wp:attachment":[{"href":"https:\/\/fram.is\/is\/wp-json\/wp\/v2\/media?parent=11925"}],"wp:term":[{"taxonomy":"category","embeddable":true,"href":"https:\/\/fram.is\/is\/wp-json\/wp\/v2\/categories?post=11925"},{"taxonomy":"post_tag","embeddable":true,"href":"https:\/\/fram.is\/is\/wp-json\/wp\/v2\/tags?post=11925"}],"curies":[{"name":"wp","href":"https:\/\/api.w.org\/{rel}","templated":true}]}}