{"id":12258,"date":"2016-01-29T00:13:46","date_gmt":"2016-01-29T00:13:46","guid":{"rendered":"http:\/\/fram.is\/?p=12258"},"modified":"2016-01-29T00:13:46","modified_gmt":"2016-01-29T00:13:46","slug":"jafnt-gegn-fjolni-i-egilsholl","status":"publish","type":"post","link":"https:\/\/fram.is\/is\/2016\/01\/29\/jafnt-gegn-fjolni-i-egilsholl\/","title":{"rendered":"Jafnt gegn Fj\u00f6lni \u00ed Egilsh\u00f6ll"},"content":{"rendered":"<p><a href=\"http:\/\/fram.is\/wp-content\/uploads\/2016\/01\/FRAM-Fj\u00f6lnir.jpg\"><img fetchpriority=\"high\" decoding=\"async\" class=\"alignright size-medium wp-image-12261\" src=\"http:\/\/fram.is\/wp-content\/uploads\/2016\/01\/FRAM-Fj\u00f6lnir-300x200.jpg\" alt=\"FRAM - Fj\u00f6lnir\" width=\"300\" height=\"200\" \/><\/a>Str\u00e1karnir okkar \u00ed f\u00f3tboltanum m\u00e6ttu \u00a0\u00ed kv\u00f6ld Fj\u00f6lni \u00e1 Reykjav\u00edkurm\u00f3tinu \u00ed f\u00f3tbolta en leiki\u00f0 var \u00ed Egilsh\u00f6ll.\u00a0 Var \u00feetta s\u00ed\u00f0asti leikur okkar \u00ed ri\u00f0linum og me\u00f0 g\u00f3\u00f0um \u00farslitum \u00e1ttum vi\u00f0 m\u00f6guleika \u00e1 \u00fev\u00ed a\u00f0 komast \u00ed undan\u00farslit.<br \/>\nVi\u00f0 byrju\u00f0um leikinn \u00e1g\u00e6tlega, \u00a0b\u00e6\u00f0i li\u00f0 fengu f\u00e6ri, Fj\u00f6lnir \u00e1tti skot \u00ed sl\u00e1 og svo kom upp afdrifar\u00edkt atvik \u00ed leiknum, Alex Freyr f\u00e9kk \u00fe\u00e1 sendingu inn fyrir v\u00f6rn Fj\u00f6lnis og virtist vera broti\u00f0 \u00e1 drengnum en ekkert d\u00e6mt. Eitthva\u00f0 var\u00f0 Alex fyrir hnjaski \u00ed \u00feessum vi\u00f0skiptum og eftir samskipti vi\u00f0 l\u00ednuv\u00f6r\u00f0inn f\u00e9kk hann a\u00f0 l\u00edta rau\u00f0aspjaldi\u00f0, har\u00f0ur d\u00f3mur en algj\u00f6rlega \u00f3\u00feolandi a\u00f0 leikmenn l\u00e1ti reka sig \u00fataf fyrir d\u00f3naskap.\u00a0 \u00dea\u00f0 er bara eitthva\u00f0 sem leikmenn eiga ekki a\u00f0 l\u00e1ta sj\u00e1st og \u00f3\u00feolandi fyrir li\u00f0i\u00f0 a\u00f0 \u00feurfa sitja uppi manni f\u00e6rri eftir 18 m\u00edn. leik.\u00a0 \u00dea\u00f0 var \u00fev\u00ed lj\u00f3st a\u00f0 leikurinn yr\u00f0i okkur erfi\u00f0ur, manni f\u00e6rri.\u00a0 Vi\u00f0 h\u00e9ldum samt haus og n\u00e1\u00f0um a\u00f0 halda boltanum \u00e1g\u00e6tlega innan okkar ra\u00f0a, fengum svo sem ekki m\u00f6rg f\u00e6ri en g\u00e1fum heldur ekki nein f\u00e6ri \u00e1 okkur.\u00a0 Leikurinn var \u00fev\u00ed \u00ed nokku\u00f0 g\u00f3\u00f0u jafnv\u00e6gi og \u00e1 36 m\u00edn. fekk Alexander M\u00e1r f\u00edna sendinu inn fyrir v\u00f6rn Fj\u00f6lnis og setti boltan laglega \u00ed marki\u00f0, 0-1.\u00a0 \u00deannig var sta\u00f0an \u00ed h\u00e1lfleik og vi\u00f0 bara f\u00ednir \u00ed \u00feessum h\u00e1lfleik, reyndum a\u00f0 halda boltanum og n\u00e1\u00f0um a\u00f0 byggja upp \u00e1g\u00e6tar s\u00f3knir \u00fer\u00e1tt fyrir a\u00f0 vera f\u00e6rri \u00e1 vellinu.\u00a0 Varnarlega vorum vi\u00f0 a\u00f0 mestu g\u00f3\u00f0ir og Fj\u00f6lnir f\u00e9kk ekki nein f\u00e6ri a\u00f0 r\u00e1\u00f0i.<br \/>\n\u00dea\u00f0 var lj\u00f3st a\u00f0 s\u00ed\u00f0ari h\u00e1lfleikur yr\u00f0i okkur erfi\u00f0ur og \u00fea\u00f0 koma \u00e1 daginn, vi\u00f0 byrju\u00f0um ekki vel og \u00fea\u00f0 var eitthva\u00f0 f\u00e1t \u00e1 okkur.\u00a0 Vi\u00f0 h\u00e9ldum boltanum illa og \u00fea\u00f0 var pressa \u00e1 okkur \u00e1n \u00feess \u00fe\u00f3 a\u00f0 Fj\u00f6lnir fengi g\u00f3\u00f0 f\u00e6ri.\u00a0 \u00dea\u00f0 var svo \u00e1 59 m\u00edn a\u00f0 d\u00e6md var v\u00edtaspyrna \u00e1 okkur fyrir afar litlar sakir a\u00f0 m\u00e9r fannst. B\u00f6lva\u00f0 aula v\u00edti.\u00a0 \u00dar v\u00edtinu var\u00f0 mark, sta\u00f0an 1-1. En strax \u00ed kj\u00f6lfari\u00f0 fengum vi\u00f0 \u00e1 okkur anna\u00f0 mark, \u00fea\u00f0 var drullu flott mark en sennilega algj\u00f6r gr\u00eds?\u00a0\u00a0 Sta\u00f0an eftir 60 m\u00edn 2-1.\u00a0 Vi\u00f0 vorum sm\u00e1 t\u00edma a\u00f0 jafna okkur eftir \u00feessa vondu byrjun en n\u00e1\u00f0um a\u00f0 vinna okkur betur inn \u00ed leikinn \u00e1n \u00feess \u00fe\u00f3 a\u00f0 skapa nein f\u00e6ri.\u00a0 Vi\u00f0 n\u00e1\u00f0um a\u00f0 jafna \u00e1 82 m\u00edn. \u00feegar Atli Fannar n\u00e1\u00f0i boltanum eftir misst\u00f6k \u00ed v\u00f6rn Fj\u00f6lnis og smellti knettinum \u00ed neti\u00f0, vel gert.\u00a0 \u00dea\u00f0 ur\u00f0u \u00farslit leiksins 2-2.\u00a0 G\u00f3\u00f0 \u00farslit eftir a\u00f0 hafa spila\u00f0 \u00ed f\u00e6rri \u00ed 72 m\u00edn. \u00dea\u00f0 var margt j\u00e1kv\u00e6tt \u00ed leiknum, vi\u00f0 h\u00e6ttum aldrei a\u00f0 berjast og uppsk\u00e1rum eftir \u00fev\u00ed.\u00a0 \u00deessi \u00farslit \u00fe\u00ed\u00f0a a\u00f0 vi\u00f0 erum \u00far leik \u00e1 Reylajv\u00edkurm\u00f3tinu en Fj\u00f6lnir fer \u00e1fram \u00e1 betri markat\u00f6lu.\u00a0 N\u00e6sti leikur okkar er eftir c.a 2 vikur \u00ed deildarbikar gegn Stj\u00f6rnunni, sj\u00e1umst \u00fe\u00e1.<\/p>\n<p>\u00c1FRAM FRAM<\/p>","protected":false},"excerpt":{"rendered":"<p>Str\u00e1karnir okkar \u00ed f\u00f3tboltanum m\u00e6ttu \u00a0\u00ed kv\u00f6ld Fj\u00f6lni \u00e1 Reykjav\u00edkurm\u00f3tinu \u00ed f\u00f3tbolta en leiki\u00f0 var \u00ed Egilsh\u00f6ll.\u00a0 Var \u00feetta s\u00ed\u00f0asti leikur okkar \u00ed ri\u00f0linum og me\u00f0 g\u00f3\u00f0um \u00farslitum \u00e1ttum vi\u00f0 [&hellip;]<\/p>","protected":false},"author":4,"featured_media":12262,"comment_status":"open","ping_status":"open","sticky":false,"template":"","format":"standard","meta":{"_monsterinsights_skip_tracking":false,"_monsterinsights_sitenote_active":false,"_monsterinsights_sitenote_note":"","_monsterinsights_sitenote_category":0,"_jetpack_memberships_contains_paid_content":false,"footnotes":""},"categories":[11,9],"tags":[],"class_list":["post-12258","post","type-post","status-publish","format-standard","has-post-thumbnail","hentry","category-mflkarla","category-fotbolti"],"jetpack_sharing_enabled":true,"jetpack_featured_media_url":"https:\/\/fram.is\/wp-content\/uploads\/2016\/01\/mark-scaled.jpg","_links":{"self":[{"href":"https:\/\/fram.is\/is\/wp-json\/wp\/v2\/posts\/12258","targetHints":{"allow":["GET"]}}],"collection":[{"href":"https:\/\/fram.is\/is\/wp-json\/wp\/v2\/posts"}],"about":[{"href":"https:\/\/fram.is\/is\/wp-json\/wp\/v2\/types\/post"}],"author":[{"embeddable":true,"href":"https:\/\/fram.is\/is\/wp-json\/wp\/v2\/users\/4"}],"replies":[{"embeddable":true,"href":"https:\/\/fram.is\/is\/wp-json\/wp\/v2\/comments?post=12258"}],"version-history":[{"count":0,"href":"https:\/\/fram.is\/is\/wp-json\/wp\/v2\/posts\/12258\/revisions"}],"wp:featuredmedia":[{"embeddable":true,"href":"https:\/\/fram.is\/is\/wp-json\/wp\/v2\/media\/12262"}],"wp:attachment":[{"href":"https:\/\/fram.is\/is\/wp-json\/wp\/v2\/media?parent=12258"}],"wp:term":[{"taxonomy":"category","embeddable":true,"href":"https:\/\/fram.is\/is\/wp-json\/wp\/v2\/categories?post=12258"},{"taxonomy":"post_tag","embeddable":true,"href":"https:\/\/fram.is\/is\/wp-json\/wp\/v2\/tags?post=12258"}],"curies":[{"name":"wp","href":"https:\/\/api.w.org\/{rel}","templated":true}]}}