{"id":12460,"date":"2016-02-26T09:37:52","date_gmt":"2016-02-26T09:37:52","guid":{"rendered":"http:\/\/fram.is\/?p=12460"},"modified":"2016-02-26T09:37:52","modified_gmt":"2016-02-26T09:37:52","slug":"12460","status":"publish","type":"post","link":"https:\/\/fram.is\/is\/2016\/02\/26\/12460\/","title":{"rendered":"FRAM leikur fj\u00f3ra \u00farslitaleiki \u00ed Coka Cola bikarkeppni HS\u00cd \u00e1 sunnudag, Bikarh\u00e1ti\u00f0 \u00ed laugardalnum"},"content":{"rendered":"<p>&nbsp;<\/p>\n<p><a href=\"http:\/\/fram.is\/wp-content\/uploads\/2016\/02\/FRAM-HK-4.fl_.jpg\"><img decoding=\"async\" class=\"alignright size-medium wp-image-12463\" src=\"http:\/\/fram.is\/wp-content\/uploads\/2016\/02\/FRAM-HK-4.fl_-300x150.jpg\" alt=\"FRAM - HK 4.fl\" width=\"300\" height=\"150\" \/><\/a><a href=\"http:\/\/fram.is\/wp-content\/uploads\/2016\/02\/FRAM-Selfoss-Coke1-190913.jpg\"><img decoding=\"async\" class=\"alignright size-medium wp-image-12427\" src=\"http:\/\/fram.is\/wp-content\/uploads\/2016\/02\/FRAM-Selfoss-Coke1-190913-300x150.jpg\" alt=\"FRAM - Selfoss - Coke1 - 190913\" width=\"300\" height=\"150\" \/><\/a><a href=\"http:\/\/fram.is\/wp-content\/uploads\/2016\/02\/FRAM-Valur-Coke1-190913.jpg\"><img decoding=\"async\" class=\"alignright size-medium wp-image-12428\" src=\"http:\/\/fram.is\/wp-content\/uploads\/2016\/02\/FRAM-Valur-Coke1-190913-300x150.jpg\" alt=\"FRAM - Valur - Coke1 - 190913\" width=\"300\" height=\"150\" \/><\/a><a href=\"http:\/\/fram.is\/wp-content\/uploads\/2016\/02\/FRAM-V\u00edkingur-4.fl_.kv_.1.jpg\"><img loading=\"lazy\" decoding=\"async\" class=\"alignright size-medium wp-image-12433\" src=\"http:\/\/fram.is\/wp-content\/uploads\/2016\/02\/FRAM-V\u00edkingur-4.fl_.kv_.1-300x150.jpg\" alt=\"FRAM - V\u00edkingur 4.fl.kv.\" width=\"300\" height=\"150\" \/><\/a>\u00dea\u00f0 ver\u00f0ur sannk\u00f6llu\u00f0 bikarh\u00e1ti\u00f0 hj\u00e1 okkur \u00ed FRAM \u00e1 sunnudag, \u00fev\u00ed \u00fe\u00e1 leika yngriflokkar okkar \u00ed handbolta hvorki meira n\u00e9 minna en fj\u00f3ra \u00farslitaleiki \u00ed bikarkeppni HS\u00cd, \u00a0Coka Cola bikarnum. \u00a0Vi\u00f0 eigum sem s\u00e9 li\u00f0 \u00ed \u00farsltum \u00ed fj\u00f3rum af sj\u00f6 \u00farslitaleikjum sem leiknir ver\u00f0a \u00ed H\u00f6llinni \u00feennan dag. Gl\u00e6silegt hj\u00e1 okkar yngri flokkum.<\/p>\n<p>Leikirnir fara fram \u00ed Laugardalsh\u00f6ll en \u00fear ver\u00f0ur umgj\u00f6r\u00f0in gl\u00e6sileg og engu til spara\u00f0.<br \/>\n\u00dea\u00f0 er alltaf draumur hvers leikmanns a\u00f0 komast \u00ed h\u00f6llina og leika bikar\u00farslitaleik og \u00feessir leikir eru \u00feeir leikir sem allir yngri leikmenn vilja prufa a\u00f0 leika \u00e1\u00f0ur en \u00feeir fara \u00e1 st\u00f3rasvi\u00f0i\u00f0 me\u00f0 meistaraflokkunum.<br \/>\nVi\u00f0 FRAMarar eigum eins og \u00e1\u00f0ur sag\u00f0i 4 leiki \u00ed H\u00f6llinni sunnudaginn 28. febr\u00faar.<br \/>\nLeiki\u00f0 ver\u00f0ur sem h\u00e9r segir:<\/p>\n<p><strong style=\"font-style: inherit;\">Kl. 09:30 \u00a0 4. fl. kv. Yngri \u00a0 FRAM \u2013 V\u00edkingur<br \/>\nKl. 14:45 \u00a0 4. fl. kv. Eldri \u00a0 \u00a0FRAM \u2013 HK<\/strong><br \/>\n<strong style=\"font-style: inherit;\">Kl. 18:30 \u00a0 3. fl. kv. \u00a0 \u00a0 \u00a0 \u00a0 \u00a0 \u00a0 \u00a0FRAM \u2013 Selfoss<\/strong><strong><br \/>\n<strong style=\"font-style: inherit;\">Kl. 20:30 \u00a0 2. fl. ka. \u00a0 \u00a0 \u00a0 \u00a0 \u00a0 \u00a0 \u00a0FRAM \u2013 Valur<\/strong><\/strong><\/p>\n<p>&nbsp;<\/p>\n<p>Hvetjum alla FRAMarar til a\u00f0 m\u00e6ta \u00ed H\u00f6llina \u00e1 sunnudag og hvetja krakkana okkar og sty\u00f0ja vi\u00f0 baki\u00f0 \u00feessum\u00a0gl\u00e6silegu fulltr\u00faum sem vi\u00f0 eigum \u00ed \u00a0\u00farslitaleikjum Coka Cola bikarsins.<\/p>\n<p>Allir leikirnir ver\u00f0a s\u00fdndir beint \u00e1\u00a0<a style=\"font-weight: inherit; font-style: inherit;\" href=\"http:\/\/www.sporttv.is\/\" target=\"_blank\" rel=\"noopener\">www.sporttv.is<br \/>\n<\/a><br \/>\n\u00c1FRAM FRAM<\/p>\n<p>&nbsp;<\/p>","protected":false},"excerpt":{"rendered":"<p>&nbsp; \u00dea\u00f0 ver\u00f0ur sannk\u00f6llu\u00f0 bikarh\u00e1ti\u00f0 hj\u00e1 okkur \u00ed FRAM \u00e1 sunnudag, \u00fev\u00ed \u00fe\u00e1 leika yngriflokkar okkar \u00ed handbolta hvorki meira n\u00e9 minna en fj\u00f3ra \u00farslitaleiki \u00ed bikarkeppni HS\u00cd, \u00a0Coka Cola [&hellip;]<\/p>","protected":false},"author":4,"featured_media":12462,"comment_status":"open","ping_status":"open","sticky":false,"template":"","format":"standard","meta":{"_monsterinsights_skip_tracking":false,"_monsterinsights_sitenote_active":false,"_monsterinsights_sitenote_note":"","_monsterinsights_sitenote_category":0,"_jetpack_memberships_contains_paid_content":false,"footnotes":""},"categories":[7,6,15,19],"tags":[],"class_list":["post-12460","post","type-post","status-publish","format-standard","has-post-thumbnail","hentry","category-yngri-flokkar","category-handbolti","category-mfl-kvenna","category-mfl-karla"],"jetpack_sharing_enabled":true,"jetpack_featured_media_url":"https:\/\/fram.is\/wp-content\/uploads\/2016\/02\/4.-fl.kv_.jpg","_links":{"self":[{"href":"https:\/\/fram.is\/is\/wp-json\/wp\/v2\/posts\/12460","targetHints":{"allow":["GET"]}}],"collection":[{"href":"https:\/\/fram.is\/is\/wp-json\/wp\/v2\/posts"}],"about":[{"href":"https:\/\/fram.is\/is\/wp-json\/wp\/v2\/types\/post"}],"author":[{"embeddable":true,"href":"https:\/\/fram.is\/is\/wp-json\/wp\/v2\/users\/4"}],"replies":[{"embeddable":true,"href":"https:\/\/fram.is\/is\/wp-json\/wp\/v2\/comments?post=12460"}],"version-history":[{"count":0,"href":"https:\/\/fram.is\/is\/wp-json\/wp\/v2\/posts\/12460\/revisions"}],"wp:featuredmedia":[{"embeddable":true,"href":"https:\/\/fram.is\/is\/wp-json\/wp\/v2\/media\/12462"}],"wp:attachment":[{"href":"https:\/\/fram.is\/is\/wp-json\/wp\/v2\/media?parent=12460"}],"wp:term":[{"taxonomy":"category","embeddable":true,"href":"https:\/\/fram.is\/is\/wp-json\/wp\/v2\/categories?post=12460"},{"taxonomy":"post_tag","embeddable":true,"href":"https:\/\/fram.is\/is\/wp-json\/wp\/v2\/tags?post=12460"}],"curies":[{"name":"wp","href":"https:\/\/api.w.org\/{rel}","templated":true}]}}