{"id":12466,"date":"2016-02-26T13:06:38","date_gmt":"2016-02-26T13:06:38","guid":{"rendered":"http:\/\/fram.is\/?p=12466"},"modified":"2016-02-26T13:06:38","modified_gmt":"2016-02-26T13:06:38","slug":"fram-semur-vid-6-leikmenn","status":"publish","type":"post","link":"https:\/\/fram.is\/is\/2016\/02\/26\/fram-semur-vid-6-leikmenn\/","title":{"rendered":"Fram semur vi\u00f0 6 leikmenn"},"content":{"rendered":"<p><a href=\"http:\/\/fram.is\/wp-content\/uploads\/2016\/02\/Mfl.kvenna-undirskrift-feb.-2016..jpg\"><img fetchpriority=\"high\" decoding=\"async\" class=\"alignright size-medium wp-image-12467\" src=\"http:\/\/fram.is\/wp-content\/uploads\/2016\/02\/Mfl.kvenna-undirskrift-feb.-2016.-300x225.jpg\" alt=\"Mfl.kvenna undirskrift feb. 2016.\" width=\"300\" height=\"225\" \/><\/a> <a href=\"http:\/\/fram.is\/wp-content\/uploads\/2016\/02\/Fj\u00f3la-og-Kiddi.jpg\"><img decoding=\"async\" class=\"alignright size-medium wp-image-12468\" src=\"http:\/\/fram.is\/wp-content\/uploads\/2016\/02\/Fj\u00f3la-og-Kiddi-300x261.jpg\" alt=\"Fj\u00f3la og Kiddi\" width=\"300\" height=\"261\" \/><\/a>Gengi\u00f0 hefur veri\u00f0 fr\u00e1 samningi vi\u00f0 6 leikmenn fyrir komandi \u00e1t\u00f6k \u00ed 1.deild kvenna \u00ed sumar.<br \/>\n\u00deetta eru \u00fe\u00e6r Fj\u00f3la Sigur\u00f0ard\u00f3ttir, Sn\u00e6d\u00eds \u00d3marsd\u00f3ttir, Anna Marzell\u00edusard\u00f3ttir, Eva Rut Eir\u00edksd\u00f3ttir, Berg\u00fe\u00f3ra Gn\u00e1 Hannesd\u00f3ttir, Thelma Bj\u00f6rk Theod\u00f3rsd\u00f3ttir.\u00a0 \u00deetta er mikil fengur fyrir f\u00e9lagi\u00f0 a\u00f0 hafa tryggt s\u00e9r \u00fej\u00f3nustu \u00feessar leikmanna \u00e1fram \u00e1 komandi t\u00edmabili, enda hafa \u00fe\u00e6r veri\u00f0 m\u00e1ttarst\u00f3lpar li\u00f0sins undanfarin \u00e1r.<\/p>\n<p>Knattspyrnudeild FRAM<\/p>","protected":false},"excerpt":{"rendered":"<p>Gengi\u00f0 hefur veri\u00f0 fr\u00e1 samningi vi\u00f0 6 leikmenn fyrir komandi \u00e1t\u00f6k \u00ed 1.deild kvenna \u00ed sumar. \u00deetta eru \u00fe\u00e6r Fj\u00f3la Sigur\u00f0ard\u00f3ttir, Sn\u00e6d\u00eds \u00d3marsd\u00f3ttir, Anna Marzell\u00edusard\u00f3ttir, Eva Rut Eir\u00edksd\u00f3ttir, Berg\u00fe\u00f3ra Gn\u00e1 [&hellip;]<\/p>","protected":false},"author":4,"featured_media":12469,"comment_status":"open","ping_status":"open","sticky":false,"template":"","format":"standard","meta":{"_monsterinsights_skip_tracking":false,"_monsterinsights_sitenote_active":false,"_monsterinsights_sitenote_note":"","_monsterinsights_sitenote_category":0,"_jetpack_memberships_contains_paid_content":false,"footnotes":""},"categories":[12,9],"tags":[],"class_list":["post-12466","post","type-post","status-publish","format-standard","has-post-thumbnail","hentry","category-mflkvenna","category-fotbolti"],"jetpack_sharing_enabled":true,"jetpack_featured_media_url":"https:\/\/fram.is\/wp-content\/uploads\/2016\/02\/Mfl.kvenna-undirskrift-feb.-2016.1-scaled.jpg","_links":{"self":[{"href":"https:\/\/fram.is\/is\/wp-json\/wp\/v2\/posts\/12466","targetHints":{"allow":["GET"]}}],"collection":[{"href":"https:\/\/fram.is\/is\/wp-json\/wp\/v2\/posts"}],"about":[{"href":"https:\/\/fram.is\/is\/wp-json\/wp\/v2\/types\/post"}],"author":[{"embeddable":true,"href":"https:\/\/fram.is\/is\/wp-json\/wp\/v2\/users\/4"}],"replies":[{"embeddable":true,"href":"https:\/\/fram.is\/is\/wp-json\/wp\/v2\/comments?post=12466"}],"version-history":[{"count":0,"href":"https:\/\/fram.is\/is\/wp-json\/wp\/v2\/posts\/12466\/revisions"}],"wp:featuredmedia":[{"embeddable":true,"href":"https:\/\/fram.is\/is\/wp-json\/wp\/v2\/media\/12469"}],"wp:attachment":[{"href":"https:\/\/fram.is\/is\/wp-json\/wp\/v2\/media?parent=12466"}],"wp:term":[{"taxonomy":"category","embeddable":true,"href":"https:\/\/fram.is\/is\/wp-json\/wp\/v2\/categories?post=12466"},{"taxonomy":"post_tag","embeddable":true,"href":"https:\/\/fram.is\/is\/wp-json\/wp\/v2\/tags?post=12466"}],"curies":[{"name":"wp","href":"https:\/\/api.w.org\/{rel}","templated":true}]}}