{"id":12637,"date":"2016-03-15T13:14:42","date_gmt":"2016-03-15T13:14:42","guid":{"rendered":"http:\/\/fram.is\/?p=12637"},"modified":"2016-03-15T13:14:42","modified_gmt":"2016-03-15T13:14:42","slug":"adalfundi-handknattleiksdeildar-fram-frestad-til-thridjudags-5-april-kl-1730","status":"publish","type":"post","link":"https:\/\/fram.is\/is\/2016\/03\/15\/adalfundi-handknattleiksdeildar-fram-frestad-til-thridjudags-5-april-kl-1730\/","title":{"rendered":"A\u00f0alfundi Handknattleiksdeildar FRAM fresta\u00f0 til \u00feri\u00f0judags 5 apr\u00edl kl. 17:30"},"content":{"rendered":"<p><a href=\"http:\/\/fram.is\/wp-content\/uploads\/2016\/02\/mfl.ka_.-2016.jpg\"><img fetchpriority=\"high\" decoding=\"async\" class=\"alignright size-medium wp-image-12394\" src=\"http:\/\/fram.is\/wp-content\/uploads\/2016\/02\/mfl.ka_.-2016-300x200.jpg\" alt=\"mfl.ka. 2016\" width=\"300\" height=\"200\" \/><\/a>Vegna \u00f3vi\u00f0r\u00e1\u00f0anlegra orsaka ver\u00f0um vi\u00f0 a\u00f0 fresta a\u00f0alfundi handboltans \u00ed dag, unglingr\u00e1\u00f0 mun halda s\u00ednu striki og halda sinn fund \u00ed dag kl. 18:00.<br \/>\nN\u00fdr fundart\u00edmi fyrir a\u00f0alfunda handknattleiksdeildar hefur veri\u00f0 \u00e1kve\u00f0inn 5. apr\u00edl kl. 17:30.<\/p>\n<p>A\u00d0ALFUNDUR\u00a0Handknattleiksdeildar FRAM<\/p>\n<p>Ver\u00f0ur haldinn \u00feri\u00f0judaginn 5. apr\u00edl \u00a0kl. 17:30<br \/>\n\u00ed \u00cd\u00fer\u00f3ttah\u00fasi FRAM.<\/p>\n<p>Dagskr\u00e1:<\/p>\n<p>\u2013 Venjuleg a\u00f0alfundarst\u00f6rf<br \/>\n\u2013 \u00d6nnur m\u00e1l<\/p>\n<p>Stj\u00f3rn\u00a0Handknattleiksdeildar FRAM<\/p>","protected":false},"excerpt":{"rendered":"<p>Vegna \u00f3vi\u00f0r\u00e1\u00f0anlegra orsaka ver\u00f0um vi\u00f0 a\u00f0 fresta a\u00f0alfundi handboltans \u00ed dag, unglingr\u00e1\u00f0 mun halda s\u00ednu striki og halda sinn fund \u00ed dag kl. 18:00. N\u00fdr fundart\u00edmi fyrir a\u00f0alfunda handknattleiksdeildar hefur [&hellip;]<\/p>","protected":false},"author":4,"featured_media":12391,"comment_status":"open","ping_status":"open","sticky":false,"template":"","format":"standard","meta":{"_monsterinsights_skip_tracking":false,"_monsterinsights_sitenote_active":false,"_monsterinsights_sitenote_note":"","_monsterinsights_sitenote_category":0,"_jetpack_memberships_contains_paid_content":false,"footnotes":""},"categories":[6,19],"tags":[],"class_list":["post-12637","post","type-post","status-publish","format-standard","has-post-thumbnail","hentry","category-handbolti","category-mfl-karla"],"jetpack_sharing_enabled":true,"jetpack_featured_media_url":"https:\/\/fram.is\/wp-content\/uploads\/2016\/02\/Mfl.kv_.jpg","_links":{"self":[{"href":"https:\/\/fram.is\/is\/wp-json\/wp\/v2\/posts\/12637","targetHints":{"allow":["GET"]}}],"collection":[{"href":"https:\/\/fram.is\/is\/wp-json\/wp\/v2\/posts"}],"about":[{"href":"https:\/\/fram.is\/is\/wp-json\/wp\/v2\/types\/post"}],"author":[{"embeddable":true,"href":"https:\/\/fram.is\/is\/wp-json\/wp\/v2\/users\/4"}],"replies":[{"embeddable":true,"href":"https:\/\/fram.is\/is\/wp-json\/wp\/v2\/comments?post=12637"}],"version-history":[{"count":0,"href":"https:\/\/fram.is\/is\/wp-json\/wp\/v2\/posts\/12637\/revisions"}],"wp:featuredmedia":[{"embeddable":true,"href":"https:\/\/fram.is\/is\/wp-json\/wp\/v2\/media\/12391"}],"wp:attachment":[{"href":"https:\/\/fram.is\/is\/wp-json\/wp\/v2\/media?parent=12637"}],"wp:term":[{"taxonomy":"category","embeddable":true,"href":"https:\/\/fram.is\/is\/wp-json\/wp\/v2\/categories?post=12637"},{"taxonomy":"post_tag","embeddable":true,"href":"https:\/\/fram.is\/is\/wp-json\/wp\/v2\/tags?post=12637"}],"curies":[{"name":"wp","href":"https:\/\/api.w.org\/{rel}","templated":true}]}}