{"id":12641,"date":"2016-03-15T14:29:54","date_gmt":"2016-03-15T14:29:54","guid":{"rendered":"http:\/\/fram.is\/?p=12641"},"modified":"2016-03-15T14:29:54","modified_gmt":"2016-03-15T14:29:54","slug":"thrjar-fra-fram-i-landslidi-islands-u-20-sem-mun-leika-i-undankeppni-hm-um-helgina","status":"publish","type":"post","link":"https:\/\/fram.is\/is\/2016\/03\/15\/thrjar-fra-fram-i-landslidi-islands-u-20-sem-mun-leika-i-undankeppni-hm-um-helgina\/","title":{"rendered":"\u00derj\u00e1r fr\u00e1 FRAM \u00ed landsli\u00f0i \u00cdslands U-20 sem mun leika \u00ed undankeppni HM um helgina"},"content":{"rendered":"<p><a href=\"http:\/\/fram.is\/wp-content\/uploads\/2016\/03\/hafd\u00eds-L\u00edlja.jpg\"><img fetchpriority=\"high\" decoding=\"async\" class=\"alignright size-medium wp-image-12643\" src=\"http:\/\/fram.is\/wp-content\/uploads\/2016\/03\/hafd\u00eds-L\u00edlja-300x300.jpg\" alt=\"hafd\u00eds L\u00edlja\" width=\"300\" height=\"300\" \/><\/a><a href=\"http:\/\/fram.is\/wp-content\/uploads\/2016\/03\/Hulda-Dags.jpg\"><img decoding=\"async\" class=\"alignright size-medium wp-image-12644\" src=\"http:\/\/fram.is\/wp-content\/uploads\/2016\/03\/Hulda-Dags-300x300.jpg\" alt=\"Hulda Dags\" width=\"300\" height=\"300\" \/><\/a><a href=\"http:\/\/fram.is\/wp-content\/uploads\/2016\/03\/ragnhei\u00f0ur-J\u00fal\u00edusd\u00f3ttir.jpg\"><img decoding=\"async\" class=\"alignright size-medium wp-image-12645\" src=\"http:\/\/fram.is\/wp-content\/uploads\/2016\/03\/ragnhei\u00f0ur-J\u00fal\u00edusd\u00f3ttir-300x300.jpg\" alt=\"ragnhei\u00f0ur J\u00fal\u00edusd\u00f3ttir\" width=\"300\" height=\"300\" \/><\/a>Landsli\u00f0 \u00cdslands U-20 mun um helgina leika \u00ed undankeppni HM og er leiki\u00f0 h\u00e9r \u00e1 landi en allir leikirnir fara fram \u00ed \u00ed\u00fer\u00f3ttah\u00fasinu Strandg\u00f6tu. \u00dea\u00f0 er lj\u00f3st a\u00f0 um erfi\u00f0an ri\u00f0il er a\u00f0 r\u00e6\u00f0a en tv\u00f6 li\u00f0 komast \u00fe\u00f3 \u00e1fram \u00e1 HM \u00ed R\u00fasslandi sem fram fer \u00ed j\u00fal\u00ed.<br \/>\n\u00cdslenski h\u00f3purinn er skipa\u00f0ur st\u00falkum \u00far Ol\u00edsdeild kvenna, flestar hafa reynslu af \u00fev\u00ed a\u00f0 spila me\u00f0 yngri landsli\u00f0um \u00cdslands auk \u00feess sem nokkrar \u00feeirra hafa veri\u00f0 \u00ed og kringum A landsli\u00f0sh\u00f3p undanfarna m\u00e1nu\u00f0i.<br \/>\nVi\u00f0 FRAMarar erum stoltir af \u00fev\u00ed a\u00f0 eiga \u00ferj\u00e1 fulltr\u00faa\u00ed \u00feessum sterka h\u00f3pi en \u00fe\u00e6r sem voru valdar fr\u00e1 FRAM a\u00f0 \u00feessu sinni eru:<br \/>\nHafd\u00eds Lilja Torfad\u00f3ttir\u00a0\u00a0\u00a0\u00a0\u00a0\u00a0\u00a0\u00a0\u00a0\u00a0\u00a0\u00a0\u00a0 FRAM<br \/>\nHulda Dagsd\u00f3ttir\u00a0\u00a0\u00a0\u00a0\u00a0\u00a0\u00a0\u00a0\u00a0\u00a0\u00a0\u00a0\u00a0\u00a0\u00a0\u00a0\u00a0\u00a0\u00a0\u00a0\u00a0\u00a0 FRAM<br \/>\nRagnhei\u00f0ur J\u00fal\u00edusd\u00f3ttir\u00a0\u00a0\u00a0\u00a0\u00a0\u00a0\u00a0\u00a0\u00a0\u00a0\u00a0\u00a0\u00a0 FRAM<\/p>\n<p><strong>Leikjaplan m\u00f3tsins:<\/strong><\/p>\n<p><u>F\u00f6s. 18.mars<\/u><br \/>\nkl. 18.00 \u00a0 \u00a0 \u00cdSLAND &#8211; Hv\u00edta R\u00fassland<br \/>\n<u>Lau. 19.mars<\/u><br \/>\nkl. 14.00 \u00a0 \u00a0 \u00cdSLAND &#8211; Ungverjaland<\/p>\n<p><u>Sun. 20.mars<\/u><br \/>\nkl.11.00 \u00a0 \u00a0 \u00a0\u00cdSLAND \u2013 Austurr\u00edki<br \/>\nVi\u00f0 hvetjum alla handbolta\u00e1hugamenn til a\u00f0 koma \u00ed Strandg\u00f6tuna um helgina og sty\u00f0ja vi\u00f0 stelpurnar okkar.<\/p>\n<p>\u00c1FRAM FRAM<\/p>","protected":false},"excerpt":{"rendered":"<p>Landsli\u00f0 \u00cdslands U-20 mun um helgina leika \u00ed undankeppni HM og er leiki\u00f0 h\u00e9r \u00e1 landi en allir leikirnir fara fram \u00ed \u00ed\u00fer\u00f3ttah\u00fasinu Strandg\u00f6tu. \u00dea\u00f0 er lj\u00f3st a\u00f0 um erfi\u00f0an [&hellip;]<\/p>","protected":false},"author":4,"featured_media":12187,"comment_status":"open","ping_status":"open","sticky":false,"template":"","format":"standard","meta":{"_monsterinsights_skip_tracking":false,"_monsterinsights_sitenote_active":false,"_monsterinsights_sitenote_note":"","_monsterinsights_sitenote_category":0,"_jetpack_memberships_contains_paid_content":false,"footnotes":""},"categories":[1],"tags":[],"class_list":["post-12641","post","type-post","status-publish","format-standard","has-post-thumbnail","hentry","category-uncategorized"],"jetpack_sharing_enabled":true,"jetpack_featured_media_url":"https:\/\/fram.is\/wp-content\/uploads\/2016\/01\/Hulda-gegn-UMFA-vefur.jpg","_links":{"self":[{"href":"https:\/\/fram.is\/is\/wp-json\/wp\/v2\/posts\/12641","targetHints":{"allow":["GET"]}}],"collection":[{"href":"https:\/\/fram.is\/is\/wp-json\/wp\/v2\/posts"}],"about":[{"href":"https:\/\/fram.is\/is\/wp-json\/wp\/v2\/types\/post"}],"author":[{"embeddable":true,"href":"https:\/\/fram.is\/is\/wp-json\/wp\/v2\/users\/4"}],"replies":[{"embeddable":true,"href":"https:\/\/fram.is\/is\/wp-json\/wp\/v2\/comments?post=12641"}],"version-history":[{"count":0,"href":"https:\/\/fram.is\/is\/wp-json\/wp\/v2\/posts\/12641\/revisions"}],"wp:featuredmedia":[{"embeddable":true,"href":"https:\/\/fram.is\/is\/wp-json\/wp\/v2\/media\/12187"}],"wp:attachment":[{"href":"https:\/\/fram.is\/is\/wp-json\/wp\/v2\/media?parent=12641"}],"wp:term":[{"taxonomy":"category","embeddable":true,"href":"https:\/\/fram.is\/is\/wp-json\/wp\/v2\/categories?post=12641"},{"taxonomy":"post_tag","embeddable":true,"href":"https:\/\/fram.is\/is\/wp-json\/wp\/v2\/tags?post=12641"}],"curies":[{"name":"wp","href":"https:\/\/api.w.org\/{rel}","templated":true}]}}