{"id":12697,"date":"2016-03-21T17:56:15","date_gmt":"2016-03-21T17:56:15","guid":{"rendered":"http:\/\/fram.is\/?p=12697"},"modified":"2016-03-21T17:56:15","modified_gmt":"2016-03-21T17:56:15","slug":"tveir-fra-fram-i-landslidshopi-island-u-20-i-handbolta","status":"publish","type":"post","link":"https:\/\/fram.is\/is\/2016\/03\/21\/tveir-fra-fram-i-landslidshopi-island-u-20-i-handbolta\/","title":{"rendered":"Tveir fr\u00e1 FRAM \u00ed landsli\u00f0sh\u00f3pi \u00cdsland U-20 \u00ed handbolta"},"content":{"rendered":"<p><a href=\"http:\/\/fram.is\/wp-content\/uploads\/2016\/03\/Arnar-2016.jpg\"><img fetchpriority=\"high\" decoding=\"async\" class=\"alignright size-medium wp-image-12698\" src=\"http:\/\/fram.is\/wp-content\/uploads\/2016\/03\/Arnar-2016-300x300.jpg\" alt=\"Arnar 2016\" width=\"300\" height=\"300\" \/><\/a><a href=\"http:\/\/fram.is\/wp-content\/uploads\/2016\/03\/2016.jpg\"><img decoding=\"async\" class=\"alignright size-medium wp-image-12699\" src=\"http:\/\/fram.is\/wp-content\/uploads\/2016\/03\/2016-300x300.jpg\" alt=\"2016\" width=\"300\" height=\"300\" \/><\/a>Landsli\u00f0s\u00fej\u00e1lfarar \u00cdslands U-20 \u00e1ra landsli\u00f0s karla hafa vali\u00f0 16 manna lokah\u00f3p til undirb\u00fanings fyrir forkeppni EM sem fram fer \u00ed P\u00f3llandi. \u00cdsland er \u00fear \u00ed ri\u00f0li me\u00f0 B\u00falgar\u00edu, \u00cdtal\u00edu og P\u00f3llandi en\u00a0 tv\u00f6 \u00a0li\u00f0 fara \u00e1fram \u00far ri\u00f0linum \u00ed lokakeppnina sem fram fer \u00ed Danm\u00f6rku \u00ed sumar.<br \/>\nVi\u00f0 FRAMarar erum stoltir af \u00fev\u00ed a\u00f0 eiga tvo fulltr\u00faa \u00ed \u00feessu lokah\u00f3pi en \u00feeir sem voru valdir fr\u00e1 FRAM a\u00f0 \u00feessu sinni eru:<\/p>\n<p>Arnar Freyr Arnarsson\u00a0\u00a0\u00a0\u00a0\u00a0\u00a0\u00a0\u00a0\u00a0\u00a0\u00a0\u00a0\u00a0\u00a0\u00a0\u00a0\u00a0\u00a0 Fram<br \/>\n\u00d3\u00f0inn R\u00edkhar\u00f0sson\u00a0\u00a0\u00a0\u00a0\u00a0\u00a0\u00a0\u00a0\u00a0\u00a0\u00a0\u00a0\u00a0\u00a0\u00a0\u00a0\u00a0\u00a0\u00a0\u00a0\u00a0\u00a0\u00a0\u00a0\u00a0 Fram<\/p>\n<p>\u00c1FRAM FRAM<\/p>\n<p>&nbsp;<\/p>","protected":false},"excerpt":{"rendered":"<p>Landsli\u00f0s\u00fej\u00e1lfarar \u00cdslands U-20 \u00e1ra landsli\u00f0s karla hafa vali\u00f0 16 manna lokah\u00f3p til undirb\u00fanings fyrir forkeppni EM sem fram fer \u00ed P\u00f3llandi. \u00cdsland er \u00fear \u00ed ri\u00f0li me\u00f0 B\u00falgar\u00edu, \u00cdtal\u00edu og [&hellip;]<\/p>","protected":false},"author":4,"featured_media":12700,"comment_status":"open","ping_status":"open","sticky":false,"template":"","format":"standard","meta":{"_monsterinsights_skip_tracking":false,"_monsterinsights_sitenote_active":false,"_monsterinsights_sitenote_note":"","_monsterinsights_sitenote_category":0,"_jetpack_memberships_contains_paid_content":false,"footnotes":""},"categories":[7,6,19],"tags":[],"class_list":["post-12697","post","type-post","status-publish","format-standard","has-post-thumbnail","hentry","category-yngri-flokkar","category-handbolti","category-mfl-karla"],"jetpack_sharing_enabled":true,"jetpack_featured_media_url":"https:\/\/fram.is\/wp-content\/uploads\/2016\/03\/O\u00f0inn-gegn-haukum-vefur-II.jpg","_links":{"self":[{"href":"https:\/\/fram.is\/is\/wp-json\/wp\/v2\/posts\/12697","targetHints":{"allow":["GET"]}}],"collection":[{"href":"https:\/\/fram.is\/is\/wp-json\/wp\/v2\/posts"}],"about":[{"href":"https:\/\/fram.is\/is\/wp-json\/wp\/v2\/types\/post"}],"author":[{"embeddable":true,"href":"https:\/\/fram.is\/is\/wp-json\/wp\/v2\/users\/4"}],"replies":[{"embeddable":true,"href":"https:\/\/fram.is\/is\/wp-json\/wp\/v2\/comments?post=12697"}],"version-history":[{"count":0,"href":"https:\/\/fram.is\/is\/wp-json\/wp\/v2\/posts\/12697\/revisions"}],"wp:featuredmedia":[{"embeddable":true,"href":"https:\/\/fram.is\/is\/wp-json\/wp\/v2\/media\/12700"}],"wp:attachment":[{"href":"https:\/\/fram.is\/is\/wp-json\/wp\/v2\/media?parent=12697"}],"wp:term":[{"taxonomy":"category","embeddable":true,"href":"https:\/\/fram.is\/is\/wp-json\/wp\/v2\/categories?post=12697"},{"taxonomy":"post_tag","embeddable":true,"href":"https:\/\/fram.is\/is\/wp-json\/wp\/v2\/tags?post=12697"}],"curies":[{"name":"wp","href":"https:\/\/api.w.org\/{rel}","templated":true}]}}