{"id":12702,"date":"2016-03-22T18:42:23","date_gmt":"2016-03-22T18:42:23","guid":{"rendered":"http:\/\/fram.is\/?p=12702"},"modified":"2016-03-22T18:42:23","modified_gmt":"2016-03-22T18:42:23","slug":"tveir-fra-fram-i-urtakshopi-ksi-u16-drengja","status":"publish","type":"post","link":"https:\/\/fram.is\/is\/2016\/03\/22\/tveir-fra-fram-i-urtakshopi-ksi-u16-drengja\/","title":{"rendered":"Tveir fr\u00e1 FRAM \u00ed \u00fartaksh\u00f3pi KS\u00cd U16 drengja"},"content":{"rendered":"<p><a href=\"http:\/\/fram.is\/is\/2016\/03\/tveir-fra-fram-i-urtakshopi-ksi-u16-drengja\/rafal-og-aron-snaer\/\"><img fetchpriority=\"high\" decoding=\"async\" class=\"alignright size-medium wp-image-12734\" src=\"http:\/\/fram.is\/wp-content\/uploads\/2016\/03\/Rafal-og-Aron-Sn\u00e6r-300x229.jpg\" alt=\"Rafal og Aron Sn\u00e6r\" width=\"300\" height=\"229\" \/><\/a>Valinn hefur veri\u00f0 \u00fartaksh\u00f3pur drengja \u00a0til a\u00f0 taka \u00fe\u00e1tt \u00ed \u00fartaks\u00e6fingum vegna U 16 landsli\u00f0s \u00cdslands. \u00c6fingarnar fara fram undir stj\u00f3rn Freys Sverrissonar, \u00fej\u00e1lfara U16 landsli\u00f0s \u00cdslands. \u00a0Vi\u00f0 FRAMarar erum stoltir af \u00fev\u00ed a\u00f0 eiga tvo fulltr\u00faa \u00ed \u00feessum \u00e6fingah\u00f3pi en auk \u00feess er einn leikma\u00f0ur \u00far Skallagr\u00edmi, \u00feannig a\u00f0 \u00fea\u00f0 m\u00e1 segja a\u00f0 vi\u00f0 eigum \u00ferj\u00e1 fulltr\u00faa \u00ed \u00feessum flotta \u00e6fingah\u00f3pi.\u00a0 \u00deeir sem voru valdir fr\u00e1 FRAM og Skallagr\u00edmi a\u00f0 \u00feessu sinni eru:<\/p>\n<p>Aron Sn\u00e6r Ingason \u00a0\u00a0\u00a0\u00a0\u00a0\u00a0\u00a0\u00a0\u00a0\u00a0\u00a0\u00a0\u00a0\u00a0\u00a0\u00a0\u00a0\u00a0\u00a0\u00a0\u00a0\u00a0\u00a0 Fram<br \/>\nRafael Stef\u00e1n Dan\u00edelsson \u00a0\u00a0\u00a0\u00a0\u00a0\u00a0\u00a0\u00a0\u00a0\u00a0\u00a0\u00a0 Fram<br \/>\nBrynjar Sn\u00e6r P\u00e1lsson\u00a0\u00a0\u00a0\u00a0\u00a0\u00a0\u00a0\u00a0\u00a0\u00a0\u00a0\u00a0\u00a0\u00a0\u00a0\u00a0\u00a0\u00a0\u00a0\u00a0 Skallagr\u00edmur<\/p>\n<p>Gangi ykkur vel.<\/p>\n<p>\u00c1FRAM FRAM<\/p>","protected":false},"excerpt":{"rendered":"<p>Valinn hefur veri\u00f0 \u00fartaksh\u00f3pur drengja \u00a0til a\u00f0 taka \u00fe\u00e1tt \u00ed \u00fartaks\u00e6fingum vegna U 16 landsli\u00f0s \u00cdslands. \u00c6fingarnar fara fram undir stj\u00f3rn Freys Sverrissonar, \u00fej\u00e1lfara U16 landsli\u00f0s \u00cdslands. \u00a0Vi\u00f0 FRAMarar erum [&hellip;]<\/p>","protected":false},"author":4,"featured_media":12735,"comment_status":"open","ping_status":"open","sticky":false,"template":"","format":"standard","meta":{"_monsterinsights_skip_tracking":false,"_monsterinsights_sitenote_active":false,"_monsterinsights_sitenote_note":"","_monsterinsights_sitenote_category":0,"_jetpack_memberships_contains_paid_content":false,"footnotes":""},"categories":[9,13],"tags":[],"class_list":["post-12702","post","type-post","status-publish","format-standard","has-post-thumbnail","hentry","category-fotbolti","category-yngriflokkar"],"jetpack_sharing_enabled":true,"jetpack_featured_media_url":"https:\/\/fram.is\/wp-content\/uploads\/2016\/03\/Rafal-og-Aron-Sn\u00e6r-vefur.jpg","_links":{"self":[{"href":"https:\/\/fram.is\/is\/wp-json\/wp\/v2\/posts\/12702","targetHints":{"allow":["GET"]}}],"collection":[{"href":"https:\/\/fram.is\/is\/wp-json\/wp\/v2\/posts"}],"about":[{"href":"https:\/\/fram.is\/is\/wp-json\/wp\/v2\/types\/post"}],"author":[{"embeddable":true,"href":"https:\/\/fram.is\/is\/wp-json\/wp\/v2\/users\/4"}],"replies":[{"embeddable":true,"href":"https:\/\/fram.is\/is\/wp-json\/wp\/v2\/comments?post=12702"}],"version-history":[{"count":0,"href":"https:\/\/fram.is\/is\/wp-json\/wp\/v2\/posts\/12702\/revisions"}],"wp:featuredmedia":[{"embeddable":true,"href":"https:\/\/fram.is\/is\/wp-json\/wp\/v2\/media\/12735"}],"wp:attachment":[{"href":"https:\/\/fram.is\/is\/wp-json\/wp\/v2\/media?parent=12702"}],"wp:term":[{"taxonomy":"category","embeddable":true,"href":"https:\/\/fram.is\/is\/wp-json\/wp\/v2\/categories?post=12702"},{"taxonomy":"post_tag","embeddable":true,"href":"https:\/\/fram.is\/is\/wp-json\/wp\/v2\/tags?post=12702"}],"curies":[{"name":"wp","href":"https:\/\/api.w.org\/{rel}","templated":true}]}}