{"id":12772,"date":"2016-03-29T16:15:07","date_gmt":"2016-03-29T16:15:07","guid":{"rendered":"http:\/\/fram.is\/?p=12772"},"modified":"2016-03-29T16:15:07","modified_gmt":"2016-03-29T16:15:07","slug":"12772","status":"publish","type":"post","link":"https:\/\/fram.is\/is\/2016\/03\/29\/12772\/","title":{"rendered":"Tveir fr\u00e1 FRAM \u00ed \u00e6fingah\u00f3pi \u00cdslands U-16 \u00ed handbolta"},"content":{"rendered":"<p><a href=\"http:\/\/fram.is\/is\/?attachment_id=12773\"><img fetchpriority=\"high\" decoding=\"async\" class=\"alignright size-medium wp-image-12773\" src=\"http:\/\/fram.is\/wp-content\/uploads\/2016\/03\/Oli-og-Viktor-300x261.jpg\" alt=\"Oli og Viktor\" width=\"300\" height=\"261\" \/><\/a>Valin hefur veri\u00f0 \u00e6fingah\u00f3pur landsli\u00f0s \u00cdslands U-16 \u00e1ra karla \u00ed handbolta en li\u00f0i\u00f0 kemur saman til \u00e6finga 4 \u2013 10. apr\u00edl. \u00a0Vi\u00f0 FRAMarar erum stoltir af \u00fev\u00ed a\u00f0 eiga tvo fulltr\u00faa \u00ed \u00feessum flotta h\u00f3pi. En \u00feeri sem voru valdir fr\u00e1 FRAM a\u00f0 \u00feessu sinni eru:<\/p>\n<p>Viktor G\u00edsli Hallgr\u00edmsson\u00a0\u00a0\u00a0\u00a0\u00a0\u00a0\u00a0\u00a0\u00a0\u00a0\u00a0\u00a0\u00a0\u00a0 Fram<\/p>\n<p>\u00d3lafur Haukur J\u00fal\u00edusson\u00a0\u00a0\u00a0\u00a0\u00a0\u00a0\u00a0\u00a0\u00a0\u00a0\u00a0\u00a0\u00a0\u00a0 Fram<\/p>\n<p>Gangi ykkur vel.<\/p>\n<p>\u00c1FRAM FRAM<\/p>","protected":false},"excerpt":{"rendered":"<p>Valin hefur veri\u00f0 \u00e6fingah\u00f3pur landsli\u00f0s \u00cdslands U-16 \u00e1ra karla \u00ed handbolta en li\u00f0i\u00f0 kemur saman til \u00e6finga 4 \u2013 10. apr\u00edl. \u00a0Vi\u00f0 FRAMarar erum stoltir af \u00fev\u00ed a\u00f0 eiga tvo [&hellip;]<\/p>","protected":false},"author":4,"featured_media":9799,"comment_status":"open","ping_status":"open","sticky":false,"template":"","format":"standard","meta":{"_monsterinsights_skip_tracking":false,"_monsterinsights_sitenote_active":false,"_monsterinsights_sitenote_note":"","_monsterinsights_sitenote_category":0,"_jetpack_memberships_contains_paid_content":false,"footnotes":""},"categories":[7,6],"tags":[],"class_list":["post-12772","post","type-post","status-publish","format-standard","has-post-thumbnail","hentry","category-yngri-flokkar","category-handbolti"],"jetpack_sharing_enabled":true,"jetpack_featured_media_url":"https:\/\/fram.is\/wp-content\/uploads\/2015\/03\/Oli-og-Viktor-vefur.jpg","_links":{"self":[{"href":"https:\/\/fram.is\/is\/wp-json\/wp\/v2\/posts\/12772","targetHints":{"allow":["GET"]}}],"collection":[{"href":"https:\/\/fram.is\/is\/wp-json\/wp\/v2\/posts"}],"about":[{"href":"https:\/\/fram.is\/is\/wp-json\/wp\/v2\/types\/post"}],"author":[{"embeddable":true,"href":"https:\/\/fram.is\/is\/wp-json\/wp\/v2\/users\/4"}],"replies":[{"embeddable":true,"href":"https:\/\/fram.is\/is\/wp-json\/wp\/v2\/comments?post=12772"}],"version-history":[{"count":0,"href":"https:\/\/fram.is\/is\/wp-json\/wp\/v2\/posts\/12772\/revisions"}],"wp:featuredmedia":[{"embeddable":true,"href":"https:\/\/fram.is\/is\/wp-json\/wp\/v2\/media\/9799"}],"wp:attachment":[{"href":"https:\/\/fram.is\/is\/wp-json\/wp\/v2\/media?parent=12772"}],"wp:term":[{"taxonomy":"category","embeddable":true,"href":"https:\/\/fram.is\/is\/wp-json\/wp\/v2\/categories?post=12772"},{"taxonomy":"post_tag","embeddable":true,"href":"https:\/\/fram.is\/is\/wp-json\/wp\/v2\/tags?post=12772"}],"curies":[{"name":"wp","href":"https:\/\/api.w.org\/{rel}","templated":true}]}}