{"id":12889,"date":"2016-04-07T10:21:01","date_gmt":"2016-04-07T10:21:01","guid":{"rendered":"http:\/\/fram.is\/?p=12889"},"modified":"2016-04-07T10:21:01","modified_gmt":"2016-04-07T10:21:01","slug":"12889","status":"publish","type":"post","link":"https:\/\/fram.is\/is\/2016\/04\/07\/12889\/","title":{"rendered":"Arnar Sveinn Geirsson gengur til li\u00f0s vi\u00f0 FRAM"},"content":{"rendered":"<p><a href=\"http:\/\/fram.is\/is\/?attachment_id=12890\"><img fetchpriority=\"high\" decoding=\"async\" class=\"alignright size-full wp-image-12890\" src=\"http:\/\/fram.is\/wp-content\/uploads\/2016\/04\/Arnar-Sveinn.jpg\" alt=\"Arnar Sveinn\" width=\"200\" height=\"260\" \/><\/a>Knattspyrnudeild Fram hefur sami\u00f0 til tveggja \u00e1ri vi\u00f0 hinn \u00f6fluga leikmann Arnar Svein Geirsson.\u00a0 Arnar er 25 \u00e1ra mi\u00f0ju- og s\u00f3knarma\u00f0ur og hefur g\u00f3\u00f0a reynslu \u00a0b\u00e6\u00f0i \u00far \u00a0Peps\u00ed og 1.deild. En hann l\u00e9k vi\u00f0 g\u00f3\u00f0an or\u00f0st\u00fdr hj\u00e1 Val og einnnig me\u00f0 V\u00edkingum fr\u00e1 \u00d3lafsv\u00edk.<br \/>\nHann hefur veri\u00f0 \u00ed n\u00e1mi \u00ed Bandar\u00edkjunum og kemur til li\u00f0s vi\u00f0 leikmannah\u00f3p Fram n\u00fana \u00ed lok apr\u00edl.<\/p>\n<p>Vi\u00f0 Framarar bj\u00f3\u00f0um Arnar Svein innilega velkominn<\/p>\n<p>Stj\u00f3rn knattspyrnudeildar FRAM<\/p>","protected":false},"excerpt":{"rendered":"<p>Knattspyrnudeild Fram hefur sami\u00f0 til tveggja \u00e1ri vi\u00f0 hinn \u00f6fluga leikmann Arnar Svein Geirsson.\u00a0 Arnar er 25 \u00e1ra mi\u00f0ju- og s\u00f3knarma\u00f0ur og hefur g\u00f3\u00f0a reynslu \u00a0b\u00e6\u00f0i \u00far \u00a0Peps\u00ed og 1.deild. [&hellip;]<\/p>","protected":false},"author":4,"featured_media":12892,"comment_status":"open","ping_status":"open","sticky":false,"template":"","format":"standard","meta":{"_monsterinsights_skip_tracking":false,"_monsterinsights_sitenote_active":false,"_monsterinsights_sitenote_note":"","_monsterinsights_sitenote_category":0,"_jetpack_memberships_contains_paid_content":false,"footnotes":""},"categories":[11,9],"tags":[],"class_list":["post-12889","post","type-post","status-publish","format-standard","has-post-thumbnail","hentry","category-mflkarla","category-fotbolti"],"jetpack_sharing_enabled":true,"jetpack_featured_media_url":"https:\/\/fram.is\/wp-content\/uploads\/2016\/04\/Arnar-Sveinn-gegn-FRAM.jpg","_links":{"self":[{"href":"https:\/\/fram.is\/is\/wp-json\/wp\/v2\/posts\/12889","targetHints":{"allow":["GET"]}}],"collection":[{"href":"https:\/\/fram.is\/is\/wp-json\/wp\/v2\/posts"}],"about":[{"href":"https:\/\/fram.is\/is\/wp-json\/wp\/v2\/types\/post"}],"author":[{"embeddable":true,"href":"https:\/\/fram.is\/is\/wp-json\/wp\/v2\/users\/4"}],"replies":[{"embeddable":true,"href":"https:\/\/fram.is\/is\/wp-json\/wp\/v2\/comments?post=12889"}],"version-history":[{"count":0,"href":"https:\/\/fram.is\/is\/wp-json\/wp\/v2\/posts\/12889\/revisions"}],"wp:featuredmedia":[{"embeddable":true,"href":"https:\/\/fram.is\/is\/wp-json\/wp\/v2\/media\/12892"}],"wp:attachment":[{"href":"https:\/\/fram.is\/is\/wp-json\/wp\/v2\/media?parent=12889"}],"wp:term":[{"taxonomy":"category","embeddable":true,"href":"https:\/\/fram.is\/is\/wp-json\/wp\/v2\/categories?post=12889"},{"taxonomy":"post_tag","embeddable":true,"href":"https:\/\/fram.is\/is\/wp-json\/wp\/v2\/tags?post=12889"}],"curies":[{"name":"wp","href":"https:\/\/api.w.org\/{rel}","templated":true}]}}