{"id":12919,"date":"2016-04-13T11:16:06","date_gmt":"2016-04-13T11:16:06","guid":{"rendered":"http:\/\/fram.is\/?p=12919"},"modified":"2016-04-13T11:16:06","modified_gmt":"2016-04-13T11:16:06","slug":"fram-leikur-a-laugardalsvelli-i-sumar","status":"publish","type":"post","link":"https:\/\/fram.is\/is\/2016\/04\/13\/fram-leikur-a-laugardalsvelli-i-sumar\/","title":{"rendered":"Fram leikur \u00e1 Laugardalsvelli \u00ed sumar"},"content":{"rendered":"<p><a href=\"http:\/\/fram.is\/is\/2015\/06\/heimaleikjakortin-afhent-a-sunnudag-fram-grotta\/mfl-gengur-inn\/\"><img fetchpriority=\"high\" decoding=\"async\" class=\"alignright size-medium wp-image-10543\" src=\"http:\/\/fram.is\/wp-content\/uploads\/2015\/06\/Mfl.-gengur-inn-300x200.jpg\" alt=\"Mfl. gengur inn\" width=\"300\" height=\"200\" \/><\/a>Meistaraflokkur FRAM \u00ed knattspyrnu karla mun leika\u00a0 heimaleiki\u00a0 li\u00f0sins \u00ed 1.deild\u00a0 \u00e1 Laugardalsvelli \u00e1 komandi leikt\u00ed\u00f0.<br \/>\nVegna framkv\u00e6mda \u00e1 sv\u00e6\u00f0i Fram \u00ed \u00dalfars\u00e1rdal\u00a0 og annara \u00fe\u00e1tta stenst keppnisleikvangur f\u00e9lagsins ekki leyfiskr\u00f6fur KS\u00cd og \u00a0 fyrirsj\u00e1nlegt er a\u00f0 ekki er h\u00e6gt a\u00f0 uppfylla \u00fe\u00e6r kr\u00f6fur \u00e1 me\u00f0an \u00e1 framkv\u00e6mdum stendur.<\/p>\n<p>Hefur KS\u00cd \u00fev\u00ed hafna\u00f0 bei\u00f0ni Knattspyrnuf\u00e9lagsins FRAM um a\u00f0 leika meistarflokksleiki \u00ed 1.deild karla \u00ed \u00dalf\u00e1rs\u00e1rdal \u00e1 komandi keppnist\u00edmabili.<\/p>\n<p>\u00c1 me\u00f0an framkv\u00e6mdum stendur mun Fram \u00fev\u00ed leika \u00e1 Laugardalsvelli. Einstaka leikir meistaraflokks karla munu fara fram \u00ed\u00a0 \u00dalfars\u00e1rdal eins og\u00a0leikir \u00ed Lengjubikar og\u00a0 fyrstu leikir \u00ed bikarkeppni\u00a0 KS\u00cd\u00a0en \u00feeir leikir falla ekki undir jafn strangar reglur \u00ed leyfiskerfi KS\u00cd.<\/p>\n<p>FRAM mun eftir sem \u00e1\u00f0ur sinna \u00fev\u00ed mikla og g\u00f3\u00f0a starfi sem reki\u00f0 er \u00ed \u00dalfars\u00e1rdalnum af fullum krafti og n\u00fdta \u00fe\u00e1 a\u00f0st\u00f6\u00f0u sem \u00fear er \u00feegar \u00a0til sta\u00f0ar.<\/p>\n<p>R\u00e9tt er a\u00f0 taka \u00fea\u00f0 s\u00e9rstaklega fram a\u00f0 f\u00e9lagi\u00f0 mun spila alla heimaleiki f\u00e9lagsins \u00dalfars\u00e1rdal \u00feegar framkv\u00e6mdir vi\u00f0 sv\u00e6\u00f0i f\u00e9lagsins eru komnar \u00e1 \u00fea\u00f0 stig a\u00f0 f\u00e9lagi\u00f0 geti uppfyllt \u00fe\u00e6r kr\u00f6fur sem ger\u00f0ar eru til \u00feess m.a. \u00ed leyfiskerfi KS\u00cd.<\/p>\n<p>&nbsp;<\/p>\n<p>A\u00f0alstj\u00f3rn Knattspyrnuf\u00e9lagsins FRAM<\/p>","protected":false},"excerpt":{"rendered":"<p>Meistaraflokkur FRAM \u00ed knattspyrnu karla mun leika\u00a0 heimaleiki\u00a0 li\u00f0sins \u00ed 1.deild\u00a0 \u00e1 Laugardalsvelli \u00e1 komandi leikt\u00ed\u00f0. Vegna framkv\u00e6mda \u00e1 sv\u00e6\u00f0i Fram \u00ed \u00dalfars\u00e1rdal\u00a0 og annara \u00fe\u00e1tta stenst keppnisleikvangur f\u00e9lagsins ekki [&hellip;]<\/p>","protected":false},"author":4,"featured_media":12920,"comment_status":"open","ping_status":"open","sticky":false,"template":"","format":"standard","meta":{"_monsterinsights_skip_tracking":false,"_monsterinsights_sitenote_active":false,"_monsterinsights_sitenote_note":"","_monsterinsights_sitenote_category":0,"_jetpack_memberships_contains_paid_content":false,"footnotes":""},"categories":[11,10,9],"tags":[],"class_list":["post-12919","post","type-post","status-publish","format-standard","has-post-thumbnail","hentry","category-mflkarla","category-frettir","category-fotbolti"],"jetpack_sharing_enabled":true,"jetpack_featured_media_url":"https:\/\/fram.is\/wp-content\/uploads\/2016\/04\/Ahorfendur-\u00ed-laugardal-2013-vefur.jpg","_links":{"self":[{"href":"https:\/\/fram.is\/is\/wp-json\/wp\/v2\/posts\/12919","targetHints":{"allow":["GET"]}}],"collection":[{"href":"https:\/\/fram.is\/is\/wp-json\/wp\/v2\/posts"}],"about":[{"href":"https:\/\/fram.is\/is\/wp-json\/wp\/v2\/types\/post"}],"author":[{"embeddable":true,"href":"https:\/\/fram.is\/is\/wp-json\/wp\/v2\/users\/4"}],"replies":[{"embeddable":true,"href":"https:\/\/fram.is\/is\/wp-json\/wp\/v2\/comments?post=12919"}],"version-history":[{"count":0,"href":"https:\/\/fram.is\/is\/wp-json\/wp\/v2\/posts\/12919\/revisions"}],"wp:featuredmedia":[{"embeddable":true,"href":"https:\/\/fram.is\/is\/wp-json\/wp\/v2\/media\/12920"}],"wp:attachment":[{"href":"https:\/\/fram.is\/is\/wp-json\/wp\/v2\/media?parent=12919"}],"wp:term":[{"taxonomy":"category","embeddable":true,"href":"https:\/\/fram.is\/is\/wp-json\/wp\/v2\/categories?post=12919"},{"taxonomy":"post_tag","embeddable":true,"href":"https:\/\/fram.is\/is\/wp-json\/wp\/v2\/tags?post=12919"}],"curies":[{"name":"wp","href":"https:\/\/api.w.org\/{rel}","templated":true}]}}