{"id":12927,"date":"2016-04-13T17:27:52","date_gmt":"2016-04-13T17:27:52","guid":{"rendered":"http:\/\/fram.is\/?p=12927"},"modified":"2016-04-13T17:27:52","modified_gmt":"2016-04-13T17:27:52","slug":"fram-flytur-i-ulfarsardalinn-2019","status":"publish","type":"post","link":"https:\/\/fram.is\/is\/2016\/04\/13\/fram-flytur-i-ulfarsardalinn-2019\/","title":{"rendered":"Fram flytur \u00ed \u00dalfars\u00e1rdalinn 2019"},"content":{"rendered":"<p><a href=\"http:\/\/fram.is\/is\/2015\/05\/fram-leikur-thrja-fyrstu-heimileiki-sina-a-laugardalsvelli\/ulfarsardalurcomplex4\/\"><img decoding=\"async\" class=\"alignright size-medium wp-image-10106\" src=\"http:\/\/fram.is\/wp-content\/uploads\/2015\/04\/\u00dalfars\u00e1rdalurcomplex4-300x160.jpg\" alt=\"\u00dalfars\u00e1rdalurcomplex4\" width=\"300\" height=\"160\" \/><\/a>Fram og \u00edb\u00faasamt\u00f6k \u00dalfars\u00e1rdals og \u00edb\u00faasamt\u00f6k Grafarholts fundu\u00f0u \u00e1 d\u00f6gunum um m\u00e1lefni Fram.\u00a0 \u00c1 fundinum var fari\u00f0 yfir s\u00f6gu \u00feess a\u00f0 Fram var fengi\u00f0 til \u00feess a\u00f0 flytja \u00ed \u00dalfars\u00e1rdalinn: Sagan er \u00ed stuttu m\u00e1li \u00feessi.<\/p>\n<ul>\n<li>\u00b7\u00a0\u00a0\u00a0\u00a0\u00a0\u00a0\u00a0\u00a0 \u00c1ri\u00f0 2004 f\u00e6r borgin Fram til a\u00f0 sj\u00e1um \u00ed\u00fer\u00f3ttastarf \u00ed Grafarholti<\/li>\n<li>\u00b7\u00a0\u00a0\u00a0\u00a0\u00a0\u00a0\u00a0\u00a0 \u00c1ri\u00f0 2008 \u00e1 100 \u00e1ra afm\u00e6li Fram undirrita Fram og Reykjav\u00edkur borg samning um uppbyggingu \u00ed\u00fer\u00f3ttamannvirkja \u00ed \u00dalfars\u00e1rdal. \u00c1\u00e6tla\u00f0 a\u00f0 framkv\u00e6mdum lj\u00faki 2011.<\/li>\n<li>\u00b7\u00a0\u00a0\u00a0\u00a0\u00a0\u00a0\u00a0\u00a0 \u00c1ri\u00f0 2009 frestar borgin framkv\u00e6mdum \u00ed \u00dalfars\u00e1rdal<\/li>\n<li>\u00b7\u00a0\u00a0\u00a0\u00a0\u00a0\u00a0\u00a0\u00a0 \u00a0\u00c1ri\u00f0 2011 undirrita borgin og Fram vi\u00f0aukasamning um a\u00f0 lj\u00faka byggingu \u00e6fingasv\u00e6\u00f0a og br\u00e1\u00f0abyrg\u00f0a b\u00faningsa\u00f0st\u00f6\u00f0u \u00ed \u00dalfars\u00e1rdal.<\/li>\n<li>\u00b7\u00a0\u00a0\u00a0\u00a0\u00a0\u00a0\u00a0\u00a0 \u00c1ri\u00f0 2012 fundar borgin me\u00f0 Fram um a\u00f0 h\u00e6tta vi\u00f0 fyrir huga\u00f0a uppbygginu \u00ed \u00dalfars\u00e1rdal en Fram og \u00edb\u00faasamt\u00f6k taka illa \u00ed \u00fea\u00f0.<\/li>\n<li>\u00b7\u00a0\u00a0\u00a0\u00a0\u00a0\u00a0\u00a0\u00a0 \u00c1ri\u00f0 2013 skipar borgarstj\u00f3ri starfsh\u00f3p um uppbyggingu mi\u00f0st\u00f6\u00f0var \u00fea\u00f0 er a\u00f0 segja sk\u00f3la, menningarmi\u00f0st\u00f6\u00f0var, sundlaugar og \u00ed\u00fer\u00f3ttaa\u00f0st\u00f6\u00f0u fyrir Fram \u00ed \u00dalfars\u00e1rdal me\u00f0 fulltr\u00faum Fram og \u00edb\u00faasamtaka.<\/li>\n<li>\u00b7\u00a0\u00a0\u00a0\u00a0\u00a0\u00a0\u00a0\u00a0 \u00c1ri\u00f0 2014 ni\u00f0ursta\u00f0a h\u00f6nnunarsamkeppni kynnt.<\/li>\n<li>\u00b7\u00a0\u00a0\u00a0\u00a0\u00a0\u00a0\u00a0\u00a0 \u00c1ri\u00f0 2015 \u00e1 \u00edb\u00faafundi segir borgarstj\u00f3ri a\u00f0 \u00fea\u00f0 \u00feurfi ekki a\u00f0 taka meira en viku a\u00f0 ganga fr\u00e1 endursko\u00f0un \u00e1 samningi vi\u00f0 Fram og \u00fear kynnir borgarstj\u00f3ri framkv\u00e6mda\u00e1\u00e6tlun fyrir mi\u00f0st\u00f6\u00f0ina \u00fear sem framkv\u00e6mdum vi\u00f0 Fram sv\u00e6\u00f0i ver\u00f0i loki\u00f0 2019.<\/li>\n<li>\u00b7\u00a0\u00a0\u00a0\u00a0\u00a0\u00a0\u00a0\u00a0 \u00c1ri\u00f0 2015 hefjast framkv\u00e6mdir \u00ed \u00dalfars\u00e1rdal \u00e1\u00e6tla\u00f0 a\u00f0 verkinu ver\u00f0i loki\u00f0 2022 og \u00e1\u00e6tla\u00f0 er a\u00f0 framkv\u00e6mdum vi\u00f0 \u00ed\u00fer\u00f3ttaa\u00f0st\u00f6\u00f0u Fram ver\u00f0i loki\u00f0 2019 og \u00fe\u00e1 mun Fram flytja \u00ed \u00dalfars\u00e1rdalinn.<\/li>\n<li>\u00b7\u00a0\u00a0\u00a0\u00a0\u00a0\u00a0\u00a0\u00a0 \u00c1ri\u00f0 2016 er veri\u00f0 a\u00f0 ganga fr\u00e1 yfirfer\u00f0 h\u00f6nnunar \u00e1 a\u00f0st\u00f6\u00f0u Fram.<\/li>\n<\/ul>\n<p>Fram hlakkar miki\u00f0 til a\u00f0 geta flutt \u00ed n\u00fdja og gl\u00e6silega a\u00f0st\u00f6\u00f0u f\u00e9lagsins \u00ed \u00dalfars\u00e1rdal \u00fear sem f\u00e9lagi\u00f0 getur haldi\u00f0 \u00e1fram a\u00f0 efla starf f\u00e9lagsins og \u00fej\u00f3nusta \u00edb\u00faum Grafarholts og \u00dalfars\u00e1rdals.\u00a0 Jafnframt leggur f\u00e9lagi\u00f0 r\u00edka \u00e1herslu \u00e1 a\u00f0 vi\u00f0skilna\u00f0ur vi\u00f0 Safam\u00fdrina ver\u00f0i sem fars\u00e6lastur og a\u00f0 tryggt ver\u00f0i a\u00f0 \u00fear f\u00e1ist \u00ferifist \u00f6flugt \u00ed\u00fer\u00f3ttastarf h\u00e9r eftir sem hinga\u00f0 til.\u00a0 Jafnframt a\u00f0 \u00feau \u00ed\u00fer\u00f3ttamannvirki sem \u00fear eru ver\u00f0i endurn\u00fdju\u00f0 og vi\u00f0 haldi\u00f0 me\u00f0 s\u00f3ma.<\/p>\n<p>\u00d3lafur Arnarson forma\u00f0ur \u00a0Knattspyrnuf\u00e9lagsins FRAM<\/p>","protected":false},"excerpt":{"rendered":"<p>Fram og \u00edb\u00faasamt\u00f6k \u00dalfars\u00e1rdals og \u00edb\u00faasamt\u00f6k Grafarholts fundu\u00f0u \u00e1 d\u00f6gunum um m\u00e1lefni Fram.\u00a0 \u00c1 fundinum var fari\u00f0 yfir s\u00f6gu \u00feess a\u00f0 Fram var fengi\u00f0 til \u00feess a\u00f0 flytja \u00ed \u00dalfars\u00e1rdalinn: [&hellip;]<\/p>","protected":false},"author":4,"featured_media":10105,"comment_status":"open","ping_status":"open","sticky":false,"template":"","format":"standard","meta":{"_monsterinsights_skip_tracking":false,"_monsterinsights_sitenote_active":false,"_monsterinsights_sitenote_note":"","_monsterinsights_sitenote_category":0,"_jetpack_memberships_contains_paid_content":false,"footnotes":""},"categories":[8,10],"tags":[],"class_list":["post-12927","post","type-post","status-publish","format-standard","has-post-thumbnail","hentry","category-adalstjorn","category-frettir"],"jetpack_sharing_enabled":true,"jetpack_featured_media_url":"https:\/\/fram.is\/wp-content\/uploads\/2015\/04\/lfars\u00e1rdalurcomplex3.jpg","_links":{"self":[{"href":"https:\/\/fram.is\/is\/wp-json\/wp\/v2\/posts\/12927","targetHints":{"allow":["GET"]}}],"collection":[{"href":"https:\/\/fram.is\/is\/wp-json\/wp\/v2\/posts"}],"about":[{"href":"https:\/\/fram.is\/is\/wp-json\/wp\/v2\/types\/post"}],"author":[{"embeddable":true,"href":"https:\/\/fram.is\/is\/wp-json\/wp\/v2\/users\/4"}],"replies":[{"embeddable":true,"href":"https:\/\/fram.is\/is\/wp-json\/wp\/v2\/comments?post=12927"}],"version-history":[{"count":0,"href":"https:\/\/fram.is\/is\/wp-json\/wp\/v2\/posts\/12927\/revisions"}],"wp:featuredmedia":[{"embeddable":true,"href":"https:\/\/fram.is\/is\/wp-json\/wp\/v2\/media\/10105"}],"wp:attachment":[{"href":"https:\/\/fram.is\/is\/wp-json\/wp\/v2\/media?parent=12927"}],"wp:term":[{"taxonomy":"category","embeddable":true,"href":"https:\/\/fram.is\/is\/wp-json\/wp\/v2\/categories?post=12927"},{"taxonomy":"post_tag","embeddable":true,"href":"https:\/\/fram.is\/is\/wp-json\/wp\/v2\/tags?post=12927"}],"curies":[{"name":"wp","href":"https:\/\/api.w.org\/{rel}","templated":true}]}}