{"id":12944,"date":"2016-04-14T19:05:17","date_gmt":"2016-04-14T19:05:17","guid":{"rendered":"http:\/\/fram.is\/?p=12944"},"modified":"2016-04-14T19:05:17","modified_gmt":"2016-04-14T19:05:17","slug":"12944","status":"publish","type":"post","link":"https:\/\/fram.is\/is\/2016\/04\/14\/12944\/","title":{"rendered":"A\u00f0alfundur knattspyrnuf\u00e9lagsins FRAM ver\u00f0ur haldinn m\u00e1nudaginn 25. apr\u00edl"},"content":{"rendered":"<p><strong><a href=\"http:\/\/fram.is\/is\/2014\/10\/nyr-framkvaemdastjori-knattspyrnufelagsins-fram\/fram\/\"><img fetchpriority=\"high\" decoding=\"async\" class=\"alignright size-medium wp-image-8592\" src=\"http:\/\/fram.is\/wp-content\/uploads\/2014\/10\/FRAM-300x187.jpg\" alt=\"FRAM\" width=\"300\" height=\"187\" srcset=\"https:\/\/fram.is\/wp-content\/uploads\/2014\/10\/FRAM-300x187.jpg 300w, https:\/\/fram.is\/wp-content\/uploads\/2014\/10\/FRAM-800x499.jpg 800w, https:\/\/fram.is\/wp-content\/uploads\/2014\/10\/FRAM-768x479.jpg 768w, https:\/\/fram.is\/wp-content\/uploads\/2014\/10\/FRAM.jpg 960w\" sizes=\"(max-width: 300px) 100vw, 300px\" \/><\/a>A\u00d0ALFUNDUR KNATTSPYRNUF\u00c9LAGSINS FRAM VER\u00d0UR HALDINN <\/strong>\u00a0<strong>\u00cd \u00cd\u00deR\u00d3TTAH\u00daSI FRAM M\u00c1NUDAGINN 25. APR\u00cdL 2016 \u00a0<\/strong>\u00a0<strong>KL. 17:30.<\/strong><\/p>\n<p><strong>Dagskr\u00e1:<\/strong><\/p>\n<ul>\n<li><strong>Venjuleg a\u00f0alfundarst\u00f6rf <\/strong><\/li>\n<li><strong>Laga breytingar <\/strong><\/li>\n<li><strong>\u00d6nnur m\u00e1l<br \/>\n<\/strong><\/li>\n<\/ul>\n<p><strong>Vakinn er athygli \u00e1 \u00fev\u00ed a\u00f0 \u00feeir sem \u00e6tla a\u00f0 bj\u00f3\u00f0a sig fram \u00ed a\u00f0alstj\u00f3rn Knattspyrnuf\u00e9lagsins FRAM \u00feurfa a\u00f0 tilkynna frambo\u00f0 sitt viku fyrir a\u00f0alfund samkv\u00e6mt 12. grein laga Knattspyrnuf\u00e9lagsins\u00a0 FRAM.<\/strong><\/p>\n<p>Frambo\u00f0 skulu berast \u00e1 skrifstofu FRAM Safam\u00fdri 26\u00a0 \u00ed s\u00ed\u00f0asta lagi\u00a0 m\u00e1nudaginn 18. apr\u00edl og skulu frambo\u00f0 berast skriflega.<\/p>\n<p><strong>A\u00f0alstj\u00f3rn<\/strong><\/p>\n<p>&nbsp;<\/p>\n<p>&nbsp;<\/p>","protected":false},"excerpt":{"rendered":"<p>A\u00d0ALFUNDUR KNATTSPYRNUF\u00c9LAGSINS FRAM VER\u00d0UR HALDINN \u00a0\u00cd \u00cd\u00deR\u00d3TTAH\u00daSI FRAM M\u00c1NUDAGINN 25. APR\u00cdL 2016 \u00a0\u00a0KL. 17:30. Dagskr\u00e1: Venjuleg a\u00f0alfundarst\u00f6rf Laga breytingar \u00d6nnur m\u00e1l Vakinn er athygli \u00e1 \u00fev\u00ed a\u00f0 \u00feeir sem \u00e6tla [&hellip;]<\/p>","protected":false},"author":4,"featured_media":12162,"comment_status":"open","ping_status":"open","sticky":false,"template":"","format":"standard","meta":{"_monsterinsights_skip_tracking":false,"_monsterinsights_sitenote_active":false,"_monsterinsights_sitenote_note":"","_monsterinsights_sitenote_category":0,"_jetpack_memberships_contains_paid_content":false,"footnotes":""},"categories":[8,10],"tags":[],"class_list":["post-12944","post","type-post","status-publish","format-standard","has-post-thumbnail","hentry","category-adalstjorn","category-frettir"],"jetpack_sharing_enabled":true,"jetpack_featured_media_url":"https:\/\/fram.is\/wp-content\/uploads\/2016\/01\/FRAMh\u00fas-vefur.jpg","_links":{"self":[{"href":"https:\/\/fram.is\/is\/wp-json\/wp\/v2\/posts\/12944","targetHints":{"allow":["GET"]}}],"collection":[{"href":"https:\/\/fram.is\/is\/wp-json\/wp\/v2\/posts"}],"about":[{"href":"https:\/\/fram.is\/is\/wp-json\/wp\/v2\/types\/post"}],"author":[{"embeddable":true,"href":"https:\/\/fram.is\/is\/wp-json\/wp\/v2\/users\/4"}],"replies":[{"embeddable":true,"href":"https:\/\/fram.is\/is\/wp-json\/wp\/v2\/comments?post=12944"}],"version-history":[{"count":0,"href":"https:\/\/fram.is\/is\/wp-json\/wp\/v2\/posts\/12944\/revisions"}],"wp:featuredmedia":[{"embeddable":true,"href":"https:\/\/fram.is\/is\/wp-json\/wp\/v2\/media\/12162"}],"wp:attachment":[{"href":"https:\/\/fram.is\/is\/wp-json\/wp\/v2\/media?parent=12944"}],"wp:term":[{"taxonomy":"category","embeddable":true,"href":"https:\/\/fram.is\/is\/wp-json\/wp\/v2\/categories?post=12944"},{"taxonomy":"post_tag","embeddable":true,"href":"https:\/\/fram.is\/is\/wp-json\/wp\/v2\/tags?post=12944"}],"curies":[{"name":"wp","href":"https:\/\/api.w.org\/{rel}","templated":true}]}}