{"id":12982,"date":"2016-04-17T19:45:49","date_gmt":"2016-04-17T19:45:49","guid":{"rendered":"http:\/\/fram.is\/?p=12982"},"modified":"2016-04-17T19:45:49","modified_gmt":"2016-04-17T19:45:49","slug":"haspenna-og-hrikalega-saetur-sigur-i-olisdeild-karla-i-dag-va","status":"publish","type":"post","link":"https:\/\/fram.is\/is\/2016\/04\/17\/haspenna-og-hrikalega-saetur-sigur-i-olisdeild-karla-i-dag-va\/","title":{"rendered":"H\u00e1spenna og hrikalega s\u00e6tur sigur \u00ed Safam\u00fdrinni \u00ed dag"},"content":{"rendered":"<p><a href=\"http:\/\/fram.is\/is\/2015\/11\/flottur-fram-sigur-ad-hlidarenda-i-olisdeild-karla\/toggi-gegn-fh\/\"><img fetchpriority=\"high\" decoding=\"async\" class=\"alignright size-medium wp-image-11759\" src=\"http:\/\/fram.is\/wp-content\/uploads\/2015\/11\/Toggi-gegn-FH-300x300.jpg\" alt=\"Toggi gegn FH\" width=\"300\" height=\"300\" \/><\/a>Str\u00e1karnir okkar \u00ed handboltanum m\u00e6ttu \u00ed dag Hl\u00ed\u00f0arenda drengjum \u00ed \u00f6\u00f0rum leik li\u00f0anna \u00ed 8 li\u00f0a \u00farslitum Ol\u00edsdeildarinnar. A\u00f0 \u00feessu sinni var leiki\u00f0 \u00ed Safam\u00fdrinni og var \u00e1g\u00e6tlega m\u00e6tt en \u00e9g hef\u00f0i vilja\u00f0 sj\u00e1 fleiri og m\u00e6tta fyrr.\u00a0 Samt ekki h\u00e6gt a\u00f0 kvarta undan stu\u00f0ningi okkar f\u00f3lks, flott stemming \u00ed h\u00fasinu og brj\u00e1lu\u00f0 stemming \u00feegar \u00e1 leikinn lei\u00f0. FRAMarar \u00fei\u00f0 eru\u00f0 flottastir.<br \/>\nLeikurinn \u00ed dag var svakalegur fr\u00e1 upphafi til enda, \u00fev\u00edl\u00edkur leikur, segi \u00e9g og skrifa, tek algj\u00f6rlega hattin ofan fyrir okkar leikm\u00f6nnum \u00ed dag, \u00feeir voru hrikalegir.<br \/>\nLeikurinn byrja\u00f0i kannski r\u00f3lega ef h\u00e6gt er a\u00f0 setja svo, \u00fea\u00f0 var l\u00edti\u00f0 skora\u00f0 en r\u00f3legur var hann ekki \u00fev\u00edl\u00edk \u00e1t\u00f6k og bar\u00e1tta, allir a\u00f0 gefa allt sem \u00feeir \u00e1ttu og greinilegt a\u00f0 vi\u00f0 \u00e6ttlu\u00f0um ekki a\u00f0 gefa neitt. Sta\u00f0an eftir 10 m\u00edn. 2-2, magna\u00f0. Leikurinn var hreint \u00f3tr\u00falegur, varnarleikur li\u00f0anna var mj\u00f6g g\u00f3\u00f0ur og li\u00f0in \u00e1ttu \u00ed mesta basil me\u00f0 a\u00f0 skora, jafnt \u00e1 \u00f6llum t\u00f6lum, 5-5 eftir 20 m\u00edn.\u00a0 Magna\u00f0 a\u00f0 upplifa svona leik \u00fear sem li\u00f0in n\u00e1 a\u00f0 halda svona svaka vinnslu \u00ed heilan h\u00e1lfleik, allir leikmenn a\u00f0 berjast \u00e1 fullu \u00ed 30 m\u00edn. Sta\u00f0an \u00ed h\u00e1lfleik 7-7. Hva\u00f0 er h\u00e6gt a\u00f0 segja, hrikalegur leikur og spenna fyrir \u00feeim s\u00ed\u00f0ari.<br \/>\nSeinni h\u00e1lfleikur byrja\u00f0i svipa\u00f0 en vi\u00f0 a\u00f0eins \u00e1 h\u00e6lunum, vi\u00f0 spilum \u00e1 f\u00e1um leikm\u00f6nnum og kannski sm\u00e1 \u00fereyta \u00ed mannskapnum eftir hl\u00e9.\u00a0 Vi\u00f0 misstum \u00fe\u00e1 a\u00f0eins fram \u00far okkur en g\u00e1fum ekki miki\u00f0 eftir, sta\u00f0an eftir 40 m\u00edn. 9-11.\u00a0 Vi\u00f0 a\u00f0eins a\u00f0 elta en m\u00e9r fannst vi\u00f0 vera a\u00f0 komast \u00ed gang, svakaleg einbeitingi \u00ed li\u00f0inu. \u00dea\u00f0 kom \u00e1 daginn vi\u00f0 keyr\u00f0um heldur upp hra\u00f0an og settum g\u00f3\u00f0a pressu \u00e1 Hl\u00ed\u00f0arendali\u00f0i\u00f0, sta\u00f0an eftir 50 m\u00edn.\u00a0 16-15. Virkilega flottur kafli hj\u00e1 str\u00e1kunum.\u00a0 \u00dea\u00f0 var \u00fev\u00ed lj\u00f3st a\u00f0 lokakafli leiksins yr\u00f0i eitthva\u00f0 og hann var \u00fea\u00f0 svo sannarlega, bara ekki h\u00e6gt a\u00f0 skrifa um \u00fea\u00f0 allt.\u00a0 Valur komst yfir \u00feegar 12\u00a0 sek. voru eftir, vi\u00f0 t\u00f3kum leikhl\u00e9 og \u00far fr\u00e1b\u00e6rlega vel \u00fatf\u00e6r\u00f0ri s\u00f3kn skora\u00f0i Stef\u00e1n Baldivin mark \u00e1 loka sek\u00fandu leiksins. Lokat\u00f6lur 21-21, \u00e6\u00f0islegt a\u00f0 n\u00e1 a\u00f0 kvitta fyrir s\u00ed\u00f0asta leik, framlengt.<br \/>\nGr\u00ed\u00f0arlega skemmtilegur leikur og vel tekist \u00e1 en mj\u00f6g hei\u00f0arlega.<br \/>\nVi\u00f0 byrju\u00f0um framlenginguna vel, komumst tvo yfir en jafnt eftir 65 m\u00edn. 23-23. Svakaleg stemming \u00ed h\u00fasinu og ekki m\u00f6gulegt a\u00f0 sitja.\u00a0 Vi\u00f0 h\u00e9ldum \u00e1fram frumkv\u00e6\u00f0inu og komust aftur yfir tv\u00f6 m\u00f6rk og \u00fea\u00f0 dug\u00f0i \u00ed dag.\u00a0 \u00deegar t\u00edminn er svona l\u00edtill \u00fe\u00e1 skiptir \u00f6llu a\u00f0 hafa frumkv\u00e6\u00f0i\u00f0 \u00fev\u00ed \u00fea\u00f0 setur pressu \u00e1 andst\u00e6\u00f0inginn og \u00fe\u00e1 gera men mist\u00f6k.\u00a0 Gr\u00ed\u00f0arlega flottur FRAM sigur \u00e1 heimavelli \u00ed dag. Lokat\u00f6lur \u00ed dag 26-25. \u00a0Algj\u00f6rlega fr\u00e1b\u00e6rt a\u00f0 brotna ekki eftir s\u00ed\u00f0asta leik, koma svona svakalega sterkir tilbaka segir allt sem segja \u00fearf um str\u00e1kana okkar \u00ed kv\u00f6ld, \u00feeir voru fr\u00e1b\u00e6rir allir sem einn.\u00a0 Leikmenn sem komu inn skilu\u00f0u allir s\u00ednu og \u00fe\u00f3 \u00feeir settu bara eitt mark e\u00f0a reddu\u00f0u einni v\u00f6rn \u00fe\u00e1 var \u00fea\u00f0 mikilv\u00e6gt \u00ed kv\u00f6ld. D\u00f3marar leiksins f\u00e1 hr\u00f3s fr\u00e1 m\u00e9r fyrir a\u00f0 halda \u00fat en \u00feeir d\u00e6mdu vel \u00ed dag og voru samkv\u00e6mir sj\u00e1lfum s\u00e9r allan leikinn.<br \/>\nVi\u00f0 \u00feurfum \u00e1 \u00f6llum okkar leikm\u00f6nnum a\u00f0 halda \u00ed \u00farslitaleiknum gegn Val \u00e1 \u00feri\u00f0judag en \u00fear r\u00e1\u00f0ast \u00farslitin \u00fe\u00f3 leiki\u00f0 ver\u00f0i fram \u00e1 n\u00f3tt. Str\u00e1karnir okkar voru fr\u00e1b\u00e6rir \u00ed dag og \u00feurfa a\u00f0 vera \u00fea\u00f0 aftur \u00ed n\u00e6sta leik. Hvet alla FRAMarar til a\u00f0 m\u00e6ta a\u00f0 Hl\u00ed\u00f0arenda og sty\u00f0ja FRAM til sigurs.\u00a0 Str\u00e1karnir \u00e6tla a\u00f0 gefa allt, hva\u00f0 gerir \u00fe\u00fa FRAMari g\u00f3\u00f0ur ? Sj\u00e1umst \u00e1 \u00feri\u00f0judag kl. 19:30.<\/p>\n<p>\u00c1FRAM FRAM<\/p>\n<p>P.s \u00fea\u00f0 koma myndir \u00far leiknum \u00e1 eftir\u00a0<a href=\"http:\/\/frammyndir.123.is\/pictures\/\" target=\"_blank\" rel=\"noopener\">http:\/\/frammyndir.123.is\/pictures\/<\/a>\u00a0 \u00a0k\u00edktu vi\u00f0.<\/p>","protected":false},"excerpt":{"rendered":"<p>Str\u00e1karnir okkar \u00ed handboltanum m\u00e6ttu \u00ed dag Hl\u00ed\u00f0arenda drengjum \u00ed \u00f6\u00f0rum leik li\u00f0anna \u00ed 8 li\u00f0a \u00farslitum Ol\u00edsdeildarinnar. A\u00f0 \u00feessu sinni var leiki\u00f0 \u00ed Safam\u00fdrinni og var \u00e1g\u00e6tlega m\u00e6tt en [&hellip;]<\/p>","protected":false},"author":4,"featured_media":12989,"comment_status":"open","ping_status":"open","sticky":false,"template":"","format":"standard","meta":{"_monsterinsights_skip_tracking":false,"_monsterinsights_sitenote_active":false,"_monsterinsights_sitenote_note":"","_monsterinsights_sitenote_category":0,"_jetpack_memberships_contains_paid_content":false,"footnotes":""},"categories":[6,19],"tags":[],"class_list":["post-12982","post","type-post","status-publish","format-standard","has-post-thumbnail","hentry","category-handbolti","category-mfl-karla"],"jetpack_sharing_enabled":true,"jetpack_featured_media_url":"https:\/\/fram.is\/wp-content\/uploads\/2016\/04\/Stefan-gegn-Val-III-vefur.jpg","_links":{"self":[{"href":"https:\/\/fram.is\/is\/wp-json\/wp\/v2\/posts\/12982","targetHints":{"allow":["GET"]}}],"collection":[{"href":"https:\/\/fram.is\/is\/wp-json\/wp\/v2\/posts"}],"about":[{"href":"https:\/\/fram.is\/is\/wp-json\/wp\/v2\/types\/post"}],"author":[{"embeddable":true,"href":"https:\/\/fram.is\/is\/wp-json\/wp\/v2\/users\/4"}],"replies":[{"embeddable":true,"href":"https:\/\/fram.is\/is\/wp-json\/wp\/v2\/comments?post=12982"}],"version-history":[{"count":0,"href":"https:\/\/fram.is\/is\/wp-json\/wp\/v2\/posts\/12982\/revisions"}],"wp:featuredmedia":[{"embeddable":true,"href":"https:\/\/fram.is\/is\/wp-json\/wp\/v2\/media\/12989"}],"wp:attachment":[{"href":"https:\/\/fram.is\/is\/wp-json\/wp\/v2\/media?parent=12982"}],"wp:term":[{"taxonomy":"category","embeddable":true,"href":"https:\/\/fram.is\/is\/wp-json\/wp\/v2\/categories?post=12982"},{"taxonomy":"post_tag","embeddable":true,"href":"https:\/\/fram.is\/is\/wp-json\/wp\/v2\/tags?post=12982"}],"curies":[{"name":"wp","href":"https:\/\/api.w.org\/{rel}","templated":true}]}}