{"id":13007,"date":"2016-04-19T12:01:52","date_gmt":"2016-04-19T12:01:52","guid":{"rendered":"http:\/\/fram.is\/?p=13007"},"modified":"2016-04-19T12:01:52","modified_gmt":"2016-04-19T12:01:52","slug":"tap-gegn-ir-i-lengjubikar-kvenna","status":"publish","type":"post","link":"https:\/\/fram.is\/is\/2016\/04\/19\/tap-gegn-ir-i-lengjubikar-kvenna\/","title":{"rendered":"Tap gegn \u00cdR \u00ed Lengjubikar kvenna"},"content":{"rendered":"<p><a href=\"http:\/\/fram.is\/is\/2016\/04\/tap-i-lengjubikar-kvenna\/fram-keflavik-db-kv\/\"><img fetchpriority=\"high\" decoding=\"async\" class=\"alignright size-medium wp-image-12849\" src=\"http:\/\/fram.is\/wp-content\/uploads\/2016\/04\/FRAM-Keflavik-DB-kv-300x225.jpg\" alt=\"FRAM Keflavik DB kv\" width=\"300\" height=\"225\" \/><\/a>Stelpurnar okkar \u00ed f\u00f3tboltanum l\u00e9ku \u00ed g\u00e6rkveldi gegn \u00cdR \u00ed Lengjubikarnum, leiki\u00f0 var \u00ed Brei\u00f0holtinu.\u00a0 \u00dea\u00f0 var h\u00e1lf kalt \u00e1 vellinum \u00ed g\u00e6r og \u00feessi leikur f\u00f3r frekar hlj\u00f3tt.<br \/>\nLeikurinn byrja\u00f0i heldur illa, \u00c1slaug markma\u00f0ur meiddist og var\u00f0 a\u00f0 fara af velli strax \u00e1 3 m\u00edn.\u00a0 \u00dea\u00f0 er alltaf erfitt a\u00f0 byrja leiki \u00e1 \u00fev\u00ed. \u00a0Vi\u00f0 fengum svo \u00e1 okkur tv\u00f6 m\u00f6rk \u00e1 stuttum t\u00edma \u00e1 20 m\u00edn. og 26 m\u00edn. \u00a0Sta\u00f0an \u00fev\u00ed 2-0 eftir 26 m\u00edn, en h\u00f6f\u00f0um alls ekki veri\u00f0 a\u00f0 leika neitt illa fram a\u00f0 \u00feessum m\u00f6rkum.\u00a0 Vi\u00f0 l\u00e9kum svo \u00e1g\u00e6tlega eftir \u00feessi m\u00f6rk en \u00fea\u00f0 t\u00f3k okkur samt sm\u00e1 t\u00edma a\u00f0 jafna okkur, \u00f3\u00f6ryggi \u00ed li\u00f0inu.<br \/>\nSta\u00f0an \u00ed h\u00e1lfleik 2-0.\u00a0\u00a0\u00a0 Vi\u00f0 fengum til li\u00f0s vi\u00f0 okkur \u00ed vikunni ungar stelpur ofan a\u00f0 Skaga og \u00fe\u00e6r komu inn \u00ed li\u00f0i\u00f0 \u00feegar l\u00ed\u00f0a t\u00f3k \u00e1 leikinn og alveg lj\u00f3st a\u00f0 \u00feessa stelpur fr\u00edska upp \u00e1 li\u00f0i\u00f0.<br \/>\nS\u00ed\u00f0ar h\u00e1lfleikur var mun betri, hef sagt \u00fea\u00f0 \u00e1\u00f0ur a\u00f0 vi\u00f0 spilum oftast betur \u00ed s\u00ed\u00f0ari h\u00e1lfleik og \u00fea\u00f0 var eins \u00ed g\u00e6r. Vi\u00f0 fengum reyndar \u00e1 okkur mark \u00e1 54 m\u00edn. sem var gegn gangi leikisins en \u00fea\u00f0 er ekki spurt a\u00f0 \u00fev\u00ed \u00ed f\u00f3tbolta.\u00a0 Vi\u00f0 l\u00e9kum svo \u00e1g\u00e6tlega \u00fea\u00f0 sem eftir lif\u00f0i leiks en lokat\u00f6lur \u00ed g\u00e6r 3-0.<br \/>\nL\u00edti\u00f0 vi\u00f0 \u00feessu a\u00f0 segja en\u00a0 \u00fea\u00f0 voru batamerki \u00e1 li\u00f0inu og tapi\u00f0 \u00f3\u00fearflega st\u00f3rt mi\u00f0a\u00f0 vi\u00f0 gang leikisins. Vi\u00f0 eigum eftir a\u00f0 f\u00e1 fleiri leikmenn inn \u00e1 n\u00e6stunni sem ver\u00f0ur spennandi og li\u00f0i er allt \u00ed framf\u00f6r.<br \/>\nN\u00e6sti leikur er \u00e1 laugardag \u00ed \u00dalfars\u00e1rdalnum kl. 14:00 gegn Grindav\u00edk, sj\u00e1umst \u00fe\u00e1.<\/p>\n<p>\u00c1FRAM FRAM<\/p>","protected":false},"excerpt":{"rendered":"<p>Stelpurnar okkar \u00ed f\u00f3tboltanum l\u00e9ku \u00ed g\u00e6rkveldi gegn \u00cdR \u00ed Lengjubikarnum, leiki\u00f0 var \u00ed Brei\u00f0holtinu.\u00a0 \u00dea\u00f0 var h\u00e1lf kalt \u00e1 vellinum \u00ed g\u00e6r og \u00feessi leikur f\u00f3r frekar hlj\u00f3tt. Leikurinn [&hellip;]<\/p>","protected":false},"author":4,"featured_media":10792,"comment_status":"open","ping_status":"open","sticky":false,"template":"","format":"standard","meta":{"_monsterinsights_skip_tracking":false,"_monsterinsights_sitenote_active":false,"_monsterinsights_sitenote_note":"","_monsterinsights_sitenote_category":0,"_jetpack_memberships_contains_paid_content":false,"footnotes":""},"categories":[12,9],"tags":[],"class_list":["post-13007","post","type-post","status-publish","format-standard","has-post-thumbnail","hentry","category-mflkvenna","category-fotbolti"],"jetpack_sharing_enabled":true,"jetpack_featured_media_url":"https:\/\/fram.is\/wp-content\/uploads\/2015\/07\/sl\u00e1-scaled.jpg","_links":{"self":[{"href":"https:\/\/fram.is\/is\/wp-json\/wp\/v2\/posts\/13007","targetHints":{"allow":["GET"]}}],"collection":[{"href":"https:\/\/fram.is\/is\/wp-json\/wp\/v2\/posts"}],"about":[{"href":"https:\/\/fram.is\/is\/wp-json\/wp\/v2\/types\/post"}],"author":[{"embeddable":true,"href":"https:\/\/fram.is\/is\/wp-json\/wp\/v2\/users\/4"}],"replies":[{"embeddable":true,"href":"https:\/\/fram.is\/is\/wp-json\/wp\/v2\/comments?post=13007"}],"version-history":[{"count":0,"href":"https:\/\/fram.is\/is\/wp-json\/wp\/v2\/posts\/13007\/revisions"}],"wp:featuredmedia":[{"embeddable":true,"href":"https:\/\/fram.is\/is\/wp-json\/wp\/v2\/media\/10792"}],"wp:attachment":[{"href":"https:\/\/fram.is\/is\/wp-json\/wp\/v2\/media?parent=13007"}],"wp:term":[{"taxonomy":"category","embeddable":true,"href":"https:\/\/fram.is\/is\/wp-json\/wp\/v2\/categories?post=13007"},{"taxonomy":"post_tag","embeddable":true,"href":"https:\/\/fram.is\/is\/wp-json\/wp\/v2\/tags?post=13007"}],"curies":[{"name":"wp","href":"https:\/\/api.w.org\/{rel}","templated":true}]}}