{"id":13074,"date":"2016-04-27T09:54:36","date_gmt":"2016-04-27T09:54:36","guid":{"rendered":"http:\/\/fram.is\/?p=13074"},"modified":"2016-04-27T09:54:36","modified_gmt":"2016-04-27T09:54:36","slug":"meistaraflokkur-kvenna-i-fotbolta-faer-lidstyrk","status":"publish","type":"post","link":"https:\/\/fram.is\/is\/2016\/04\/27\/meistaraflokkur-kvenna-i-fotbolta-faer-lidstyrk\/","title":{"rendered":"Meistaraflokkur kvenna \u00ed f\u00f3tbolta f\u00e6r li\u00f0styrk"},"content":{"rendered":"<p><a href=\"http:\/\/fram.is\/is\/?attachment_id=13075\"><img fetchpriority=\"high\" decoding=\"async\" class=\"alignright size-medium wp-image-13075\" src=\"http:\/\/fram.is\/wp-content\/uploads\/2016\/04\/Skaga-stelpur-300x225.jpg\" alt=\"Skaga stelpur\" width=\"300\" height=\"225\" \/><\/a>Meistaraflokksli\u00f0 okkar FRAMara \u00a0kvenna \u00ed f\u00f3tbolta hefur fengi\u00f0 mikin li\u00f0styrk.<br \/>\n\u00c1 d\u00f6gunum gengu til li\u00f0s vi\u00f0 FRAM fj\u00f3rir leikmenn fr\u00e1 Akranesi. \u00deetta eru \u00fe\u00e6r <a href=\"http:\/\/www.ksi.is\/mot\/motalisti\/felagsmadur\/?pLeikmadurNr=203238\" target=\"_blank\" rel=\"noopener\">Svand\u00eds Gu\u00f0bj\u00f6rg Karlsd\u00f3ttir<\/a>, \u00a0<a href=\"http:\/\/www.ksi.is\/mot\/motalisti\/felagsmadur\/?pLeikmadurNr=216284\" target=\"_blank\" rel=\"noopener\">L\u00fa\u00edsa Hei\u00f0ur Gu\u00f0nad\u00f3ttir<\/a>, \u00a0<a href=\"http:\/\/www.ksi.is\/mot\/motalisti\/felagsmadur\/?pLeikmadurNr=216104\" target=\"_blank\" rel=\"noopener\">Alex\u00eda Mist Baldursd\u00f3ttir<\/a>, \u00a0<a href=\"http:\/\/www.ksi.is\/mot\/motalisti\/felagsmadur\/?pLeikmadurNr=215007\" target=\"_blank\" rel=\"noopener\">Andrea \u00ddr Reynisd\u00f3ttir<\/a>. Allar eru stelpurnar f\u00e6ddar \u00e1ri\u00f0 1999 og hafa alla t\u00ed\u00f0 leiki\u00f0 me\u00f0 \u00cdA.\u00a0 Stelpurnar hafa leiki\u00f0 tvo leiki me\u00f0 FRAM og munu leika me\u00f0 li\u00f0inu \u00ed sumar hi\u00f0 minnsta.<br \/>\nVi\u00f0 FRAMarar bj\u00f3\u00f0um stelpurnar innilega velkomnar til f\u00e9lagsins.<br \/>\n\u00c1FRAM FRAM<\/p>","protected":false},"excerpt":{"rendered":"<p>Meistaraflokksli\u00f0 okkar FRAMara \u00a0kvenna \u00ed f\u00f3tbolta hefur fengi\u00f0 mikin li\u00f0styrk. \u00c1 d\u00f6gunum gengu til li\u00f0s vi\u00f0 FRAM fj\u00f3rir leikmenn fr\u00e1 Akranesi. \u00deetta eru \u00fe\u00e6r Svand\u00eds Gu\u00f0bj\u00f6rg Karlsd\u00f3ttir, \u00a0L\u00fa\u00edsa Hei\u00f0ur Gu\u00f0nad\u00f3ttir, [&hellip;]<\/p>","protected":false},"author":4,"featured_media":13076,"comment_status":"open","ping_status":"open","sticky":false,"template":"","format":"standard","meta":{"_monsterinsights_skip_tracking":false,"_monsterinsights_sitenote_active":false,"_monsterinsights_sitenote_note":"","_monsterinsights_sitenote_category":0,"_jetpack_memberships_contains_paid_content":false,"footnotes":""},"categories":[12,9],"tags":[],"class_list":["post-13074","post","type-post","status-publish","format-standard","has-post-thumbnail","hentry","category-mflkvenna","category-fotbolti"],"jetpack_sharing_enabled":true,"jetpack_featured_media_url":"https:\/\/fram.is\/wp-content\/uploads\/2016\/04\/Skagastelpur-II-vefur-scaled.jpg","_links":{"self":[{"href":"https:\/\/fram.is\/is\/wp-json\/wp\/v2\/posts\/13074","targetHints":{"allow":["GET"]}}],"collection":[{"href":"https:\/\/fram.is\/is\/wp-json\/wp\/v2\/posts"}],"about":[{"href":"https:\/\/fram.is\/is\/wp-json\/wp\/v2\/types\/post"}],"author":[{"embeddable":true,"href":"https:\/\/fram.is\/is\/wp-json\/wp\/v2\/users\/4"}],"replies":[{"embeddable":true,"href":"https:\/\/fram.is\/is\/wp-json\/wp\/v2\/comments?post=13074"}],"version-history":[{"count":0,"href":"https:\/\/fram.is\/is\/wp-json\/wp\/v2\/posts\/13074\/revisions"}],"wp:featuredmedia":[{"embeddable":true,"href":"https:\/\/fram.is\/is\/wp-json\/wp\/v2\/media\/13076"}],"wp:attachment":[{"href":"https:\/\/fram.is\/is\/wp-json\/wp\/v2\/media?parent=13074"}],"wp:term":[{"taxonomy":"category","embeddable":true,"href":"https:\/\/fram.is\/is\/wp-json\/wp\/v2\/categories?post=13074"},{"taxonomy":"post_tag","embeddable":true,"href":"https:\/\/fram.is\/is\/wp-json\/wp\/v2\/tags?post=13074"}],"curies":[{"name":"wp","href":"https:\/\/api.w.org\/{rel}","templated":true}]}}