{"id":13078,"date":"2016-04-27T14:37:27","date_gmt":"2016-04-27T14:37:27","guid":{"rendered":"http:\/\/fram.is\/?p=13078"},"modified":"2016-04-27T14:37:27","modified_gmt":"2016-04-27T14:37:27","slug":"fram-faer-nyja-leikmenn","status":"publish","type":"post","link":"https:\/\/fram.is\/is\/2016\/04\/27\/fram-faer-nyja-leikmenn\/","title":{"rendered":"Fram f\u00e6r n\u00fdja leikmenn"},"content":{"rendered":"<p><strong><a href=\"http:\/\/fram.is\/is\/2016\/04\/vel-heppnud-aefingaferd-fram-til-spanar\/lidi-gegn-selfoss-spann-2016\/\"><img fetchpriority=\"high\" decoding=\"async\" class=\"alignright size-medium wp-image-12966\" src=\"http:\/\/fram.is\/wp-content\/uploads\/2016\/04\/Li\u00f0i-gegn-Selfoss-sp\u00e1nn-2016-300x225.jpg\" alt=\"Li\u00f0i gegn Selfoss sp\u00e1nn 2016\" width=\"300\" height=\"225\" \/><\/a>Knattspyrnudeild Fram hefur gert samning vi\u00f0 \u00ferj\u00e1 leikmenn sem allir koma\u00a0 fr\u00e1 Kr\u00f3at\u00edu.<\/strong><\/p>\n<p><strong>Fyrstan ber a\u00f0 nefna Dino Gavric sem er 27 \u00e1ra varnarleikma\u00f0ur.\u00a0 \u00c1samt \u00fev\u00ed a\u00f0 hafa leiki\u00f0 \u00ed heimalandinu hefur Gavric leiki\u00f0 \u00ed P\u00f3llandi, K\u00fdpur, Ungverjalandi og Bosn\u00edu. <\/strong><\/p>\n<p><strong>Ivan Parlov er 32 \u00e1ra gamall mi\u00f0juma\u00f0ur.\u00a0 Parlov hefur auk heimalandsins, leiki\u00f0 \u00e1 K\u00fdpur og \u00a0\u00ed Austurr\u00edki. <\/strong><\/p>\n<p><strong>Ivan Bubalo er 26 \u00e1ra framherji.\u00a0 Hann hefur auk heimalandsins leiki\u00f0 \u00ed Bosn\u00edu. <\/strong><\/p>\n<p><strong>Fram b\u00fd\u00f0ur \u00feessa \u00ferj\u00e1 leikmenn velkomna \u00ed herb\u00fa\u00f0ir f\u00e9lagsins en fyrsti leikur Fram \u00ed Inkasso-deildinni ver\u00f0ur gegn KA \u00e1 Akureyri laugardaginn 7. ma\u00ed klukkan 16.00.\u00a0<\/strong><\/p>\n<p><strong>Knattspyrnudeild FRAM\u00a0<\/strong><\/p>","protected":false},"excerpt":{"rendered":"<p>Knattspyrnudeild Fram hefur gert samning vi\u00f0 \u00ferj\u00e1 leikmenn sem allir koma\u00a0 fr\u00e1 Kr\u00f3at\u00edu. Fyrstan ber a\u00f0 nefna Dino Gavric sem er 27 \u00e1ra varnarleikma\u00f0ur.\u00a0 \u00c1samt \u00fev\u00ed a\u00f0 hafa leiki\u00f0 \u00ed [&hellip;]<\/p>","protected":false},"author":4,"featured_media":13079,"comment_status":"open","ping_status":"open","sticky":false,"template":"","format":"standard","meta":{"_monsterinsights_skip_tracking":false,"_monsterinsights_sitenote_active":false,"_monsterinsights_sitenote_note":"","_monsterinsights_sitenote_category":0,"_jetpack_memberships_contains_paid_content":false,"footnotes":""},"categories":[11,9],"tags":[],"class_list":["post-13078","post","type-post","status-publish","format-standard","has-post-thumbnail","hentry","category-mflkarla","category-fotbolti"],"jetpack_sharing_enabled":true,"jetpack_featured_media_url":"https:\/\/fram.is\/wp-content\/uploads\/2016\/04\/Li\u00f0i-gegn-Selfoss-sp\u00e1nn-2016-vefur.jpg","_links":{"self":[{"href":"https:\/\/fram.is\/is\/wp-json\/wp\/v2\/posts\/13078","targetHints":{"allow":["GET"]}}],"collection":[{"href":"https:\/\/fram.is\/is\/wp-json\/wp\/v2\/posts"}],"about":[{"href":"https:\/\/fram.is\/is\/wp-json\/wp\/v2\/types\/post"}],"author":[{"embeddable":true,"href":"https:\/\/fram.is\/is\/wp-json\/wp\/v2\/users\/4"}],"replies":[{"embeddable":true,"href":"https:\/\/fram.is\/is\/wp-json\/wp\/v2\/comments?post=13078"}],"version-history":[{"count":0,"href":"https:\/\/fram.is\/is\/wp-json\/wp\/v2\/posts\/13078\/revisions"}],"wp:featuredmedia":[{"embeddable":true,"href":"https:\/\/fram.is\/is\/wp-json\/wp\/v2\/media\/13079"}],"wp:attachment":[{"href":"https:\/\/fram.is\/is\/wp-json\/wp\/v2\/media?parent=13078"}],"wp:term":[{"taxonomy":"category","embeddable":true,"href":"https:\/\/fram.is\/is\/wp-json\/wp\/v2\/categories?post=13078"},{"taxonomy":"post_tag","embeddable":true,"href":"https:\/\/fram.is\/is\/wp-json\/wp\/v2\/tags?post=13078"}],"curies":[{"name":"wp","href":"https:\/\/api.w.org\/{rel}","templated":true}]}}