{"id":13081,"date":"2016-04-27T17:40:40","date_gmt":"2016-04-27T17:40:40","guid":{"rendered":"http:\/\/fram.is\/?p=13081"},"modified":"2016-04-27T17:40:40","modified_gmt":"2016-04-27T17:40:40","slug":"13081","status":"publish","type":"post","link":"https:\/\/fram.is\/is\/2016\/04\/27\/13081\/","title":{"rendered":"Unnar Steinn Ingvarsson semur vi\u00f0 FRAM"},"content":{"rendered":"<p style=\"line-height: 13.5pt; background: white; vertical-align: baseline; margin: 0cm 0cm 13.5pt 0cm;\"><span style=\"font-family: 'Arial',sans-serif; color: #333333;\"><a href=\"http:\/\/fram.is\/is\/?attachment_id=13083\"><img fetchpriority=\"high\" decoding=\"async\" class=\"alignright size-medium wp-image-13083\" src=\"http:\/\/fram.is\/wp-content\/uploads\/2016\/04\/unnar-og-Brynjar-g\u00f3\u00f0-300x261.jpg\" alt=\"unnar og Brynjar g\u00f3\u00f0\" width=\"300\" height=\"261\" \/><\/a>Knattspyrnudeild \u00a0FRAM \u00a0gekk \u00ed dag \u00a0fr\u00e1 \u00a0samningi vi\u00f0 Unnar Stein Ingvarsson. Unnar Steinn er uppalinn FRAMari og einn af okkar efnilegu leikm\u00f6nnum sem vi\u00f0 byggjum miklar vonir vi\u00f0 \u00e1 n\u00e6stu \u00e1rum.<br \/>\nUnnar var \u00e1 d\u00f6gunum valinn \u00ed landsli\u00f0 \u00cdslands drengja f\u00e6ddir 2000 sem mun taka \u00fe\u00e1tt \u00ed UEFA m\u00f3ti \u00ed Finnlandi \u00ed byrjun ma\u00ed.<br \/>\nSamningur Unnars vi\u00f0 FRAM er til tveggja \u00e1ra og ver\u00f0ur spennandi a\u00f0 fylgjast me\u00f0 drengnum \u00e1 n\u00e6stu \u00e1rum.<\/p>\n<p>\u00c1FRAM FRAM<\/span><\/p>","protected":false},"excerpt":{"rendered":"<p>Knattspyrnudeild \u00a0FRAM \u00a0gekk \u00ed dag \u00a0fr\u00e1 \u00a0samningi vi\u00f0 Unnar Stein Ingvarsson. Unnar Steinn er uppalinn FRAMari og einn af okkar efnilegu leikm\u00f6nnum sem vi\u00f0 byggjum miklar vonir vi\u00f0 \u00e1 n\u00e6stu [&hellip;]<\/p>","protected":false},"author":4,"featured_media":13084,"comment_status":"open","ping_status":"open","sticky":false,"template":"","format":"standard","meta":{"_monsterinsights_skip_tracking":false,"_monsterinsights_sitenote_active":false,"_monsterinsights_sitenote_note":"","_monsterinsights_sitenote_category":0,"_jetpack_memberships_contains_paid_content":false,"footnotes":""},"categories":[11,9,13],"tags":[],"class_list":["post-13081","post","type-post","status-publish","format-standard","has-post-thumbnail","hentry","category-mflkarla","category-fotbolti","category-yngriflokkar"],"jetpack_sharing_enabled":true,"jetpack_featured_media_url":"https:\/\/fram.is\/wp-content\/uploads\/2016\/04\/Unnar-vefur-scaled.jpg","_links":{"self":[{"href":"https:\/\/fram.is\/is\/wp-json\/wp\/v2\/posts\/13081","targetHints":{"allow":["GET"]}}],"collection":[{"href":"https:\/\/fram.is\/is\/wp-json\/wp\/v2\/posts"}],"about":[{"href":"https:\/\/fram.is\/is\/wp-json\/wp\/v2\/types\/post"}],"author":[{"embeddable":true,"href":"https:\/\/fram.is\/is\/wp-json\/wp\/v2\/users\/4"}],"replies":[{"embeddable":true,"href":"https:\/\/fram.is\/is\/wp-json\/wp\/v2\/comments?post=13081"}],"version-history":[{"count":0,"href":"https:\/\/fram.is\/is\/wp-json\/wp\/v2\/posts\/13081\/revisions"}],"wp:featuredmedia":[{"embeddable":true,"href":"https:\/\/fram.is\/is\/wp-json\/wp\/v2\/media\/13084"}],"wp:attachment":[{"href":"https:\/\/fram.is\/is\/wp-json\/wp\/v2\/media?parent=13081"}],"wp:term":[{"taxonomy":"category","embeddable":true,"href":"https:\/\/fram.is\/is\/wp-json\/wp\/v2\/categories?post=13081"},{"taxonomy":"post_tag","embeddable":true,"href":"https:\/\/fram.is\/is\/wp-json\/wp\/v2\/tags?post=13081"}],"curies":[{"name":"wp","href":"https:\/\/api.w.org\/{rel}","templated":true}]}}