{"id":13086,"date":"2016-04-27T17:47:48","date_gmt":"2016-04-27T17:47:48","guid":{"rendered":"http:\/\/fram.is\/?p=13086"},"modified":"2016-04-27T17:47:48","modified_gmt":"2016-04-27T17:47:48","slug":"13086","status":"publish","type":"post","link":"https:\/\/fram.is\/is\/2016\/04\/27\/13086\/","title":{"rendered":"Esther Ruth A\u00f0alsteinsd\u00f3ttir semur vi\u00f0 FRAM"},"content":{"rendered":"<p><a href=\"http:\/\/fram.is\/is\/?attachment_id=13087\"><img fetchpriority=\"high\" decoding=\"async\" class=\"alignright size-medium wp-image-13087\" src=\"http:\/\/fram.is\/wp-content\/uploads\/2016\/04\/Ester-A\u00f0alsteins-semur-vi\u00f0-FRAM-g\u00f3\u00f0-300x261.jpg\" alt=\"Ester A\u00f0alsteins semur vi\u00f0 FRAM g\u00f3\u00f0\" width=\"300\" height=\"261\" \/><\/a>Knattspyrnudeild \u00a0FRAM hefur gert eins \u00e1rs samning vi\u00f0 Esther Ruth A\u00f0alsteinsd\u00f3ttir.<br \/>\nEsther \u00a0er ein af hinum ungu og efnilegu Fr\u00f6murum sem er a\u00f0 koma upp innan f\u00e9lagsins en h\u00fan mun spila me\u00f0 meistaraflokki og 2. flokki FRAM \u00ed sumar.<br \/>\nVi\u00f0 FRAMarar f\u00f6gnum \u00fev\u00ed a\u00f0 hafa Esther innan okkar ra\u00f0a n\u00e6stu \u00e1rin.<br \/>\n\u00c1FRAM FRAM<\/p>","protected":false},"excerpt":{"rendered":"<p>Knattspyrnudeild \u00a0FRAM hefur gert eins \u00e1rs samning vi\u00f0 Esther Ruth A\u00f0alsteinsd\u00f3ttir. Esther \u00a0er ein af hinum ungu og efnilegu Fr\u00f6murum sem er a\u00f0 koma upp innan f\u00e9lagsins en h\u00fan mun [&hellip;]<\/p>","protected":false},"author":4,"featured_media":13088,"comment_status":"open","ping_status":"open","sticky":false,"template":"","format":"standard","meta":{"_monsterinsights_skip_tracking":false,"_monsterinsights_sitenote_active":false,"_monsterinsights_sitenote_note":"","_monsterinsights_sitenote_category":0,"_jetpack_memberships_contains_paid_content":false,"footnotes":""},"categories":[12,9],"tags":[],"class_list":["post-13086","post","type-post","status-publish","format-standard","has-post-thumbnail","hentry","category-mflkvenna","category-fotbolti"],"jetpack_sharing_enabled":true,"jetpack_featured_media_url":"https:\/\/fram.is\/wp-content\/uploads\/2016\/04\/Ester-A\u00f0alsteins-semur-vi\u00f0-FRAM-vefur-scaled.jpg","_links":{"self":[{"href":"https:\/\/fram.is\/is\/wp-json\/wp\/v2\/posts\/13086","targetHints":{"allow":["GET"]}}],"collection":[{"href":"https:\/\/fram.is\/is\/wp-json\/wp\/v2\/posts"}],"about":[{"href":"https:\/\/fram.is\/is\/wp-json\/wp\/v2\/types\/post"}],"author":[{"embeddable":true,"href":"https:\/\/fram.is\/is\/wp-json\/wp\/v2\/users\/4"}],"replies":[{"embeddable":true,"href":"https:\/\/fram.is\/is\/wp-json\/wp\/v2\/comments?post=13086"}],"version-history":[{"count":0,"href":"https:\/\/fram.is\/is\/wp-json\/wp\/v2\/posts\/13086\/revisions"}],"wp:featuredmedia":[{"embeddable":true,"href":"https:\/\/fram.is\/is\/wp-json\/wp\/v2\/media\/13088"}],"wp:attachment":[{"href":"https:\/\/fram.is\/is\/wp-json\/wp\/v2\/media?parent=13086"}],"wp:term":[{"taxonomy":"category","embeddable":true,"href":"https:\/\/fram.is\/is\/wp-json\/wp\/v2\/categories?post=13086"},{"taxonomy":"post_tag","embeddable":true,"href":"https:\/\/fram.is\/is\/wp-json\/wp\/v2\/tags?post=13086"}],"curies":[{"name":"wp","href":"https:\/\/api.w.org\/{rel}","templated":true}]}}