{"id":13106,"date":"2016-05-01T09:33:07","date_gmt":"2016-05-01T09:33:07","guid":{"rendered":"http:\/\/fram.is\/?p=13106"},"modified":"2016-05-01T09:33:07","modified_gmt":"2016-05-01T09:33:07","slug":"knattspyrnufelagid-fram-108-ara","status":"publish","type":"post","link":"https:\/\/fram.is\/is\/2016\/05\/01\/knattspyrnufelagid-fram-108-ara\/","title":{"rendered":"Knattspyrnuf\u00e9lagi\u00f0 FRAM 108 \u00e1ra"},"content":{"rendered":"<p><a href=\"http:\/\/fram.is\/is\/bg1-jpg\/\"><img fetchpriority=\"high\" decoding=\"async\" class=\"alignright size-medium wp-image-4329\" src=\"http:\/\/fram.is\/wp-content\/uploads\/2013\/09\/bg1-300x187.jpg\" alt=\"bg1.jpg\" width=\"300\" height=\"187\" srcset=\"https:\/\/fram.is\/wp-content\/uploads\/2013\/09\/bg1-300x187.jpg 300w, https:\/\/fram.is\/wp-content\/uploads\/2013\/09\/bg1-800x499.jpg 800w, https:\/\/fram.is\/wp-content\/uploads\/2013\/09\/bg1-1024x639.jpg 1024w, https:\/\/fram.is\/wp-content\/uploads\/2013\/09\/bg1-768x479.jpg 768w, https:\/\/fram.is\/wp-content\/uploads\/2013\/09\/bg1.jpg 1444w\" sizes=\"(max-width: 300px) 100vw, 300px\" \/><\/a>Knattspyrnuf\u00e9lagi\u00f0 FRAM \u00e1 afm\u00e6li \u00ed dag, ver\u00f0ur 108 \u00e1ra. F\u00e9lagi\u00f0 var stofna\u00f0 1. ma\u00ed 1908 af ungum drengjum og hefur allt fr\u00e1 \u00feeim t\u00edma veri\u00f0 a\u00f0 vaxa og dafna. \u00dea\u00f0 er tilvali\u00f0 \u00ed tilefni dagsins a\u00f0 lesa a\u00f0eins um s\u00f6gu f\u00e9lagsins en b\u00f3k Stef\u00e1ns P\u00e1lssonar er n\u00fana kominn \u00e1 heimas\u00ed\u00f0u FRAM\u00a0<a href=\"http:\/\/fram.is\/is\/fram-100-ara-bokin\/\">http:\/\/fram.is\/fram-100-ara-bokin\/<\/a><\/p>\n<p>\u00cd dag er f\u00e9lagsm\u00f6nnum og i\u00f0kendum a\u00f0 venju bo\u00f0i\u00f0 upp \u00e1 afm\u00e6liskaffi milli kl. 10:00-12:00 \u00ed \u00cd\u00fer\u00f3ttah\u00fasi FRAM Safam\u00fdri 26.<\/p>\n<p>Til hamingju me\u00f0 daginn FRAMarar<\/p>","protected":false},"excerpt":{"rendered":"<p>Knattspyrnuf\u00e9lagi\u00f0 FRAM \u00e1 afm\u00e6li \u00ed dag, ver\u00f0ur 108 \u00e1ra. F\u00e9lagi\u00f0 var stofna\u00f0 1. ma\u00ed 1908 af ungum drengjum og hefur allt fr\u00e1 \u00feeim t\u00edma veri\u00f0 a\u00f0 vaxa og dafna. \u00dea\u00f0 [&hellip;]<\/p>","protected":false},"author":4,"featured_media":12162,"comment_status":"open","ping_status":"open","sticky":false,"template":"","format":"standard","meta":{"_monsterinsights_skip_tracking":false,"_monsterinsights_sitenote_active":false,"_monsterinsights_sitenote_note":"","_monsterinsights_sitenote_category":0,"_jetpack_memberships_contains_paid_content":false,"footnotes":""},"categories":[8,10],"tags":[],"class_list":["post-13106","post","type-post","status-publish","format-standard","has-post-thumbnail","hentry","category-adalstjorn","category-frettir"],"jetpack_sharing_enabled":true,"jetpack_featured_media_url":"https:\/\/fram.is\/wp-content\/uploads\/2016\/01\/FRAMh\u00fas-vefur.jpg","_links":{"self":[{"href":"https:\/\/fram.is\/is\/wp-json\/wp\/v2\/posts\/13106","targetHints":{"allow":["GET"]}}],"collection":[{"href":"https:\/\/fram.is\/is\/wp-json\/wp\/v2\/posts"}],"about":[{"href":"https:\/\/fram.is\/is\/wp-json\/wp\/v2\/types\/post"}],"author":[{"embeddable":true,"href":"https:\/\/fram.is\/is\/wp-json\/wp\/v2\/users\/4"}],"replies":[{"embeddable":true,"href":"https:\/\/fram.is\/is\/wp-json\/wp\/v2\/comments?post=13106"}],"version-history":[{"count":0,"href":"https:\/\/fram.is\/is\/wp-json\/wp\/v2\/posts\/13106\/revisions"}],"wp:featuredmedia":[{"embeddable":true,"href":"https:\/\/fram.is\/is\/wp-json\/wp\/v2\/media\/12162"}],"wp:attachment":[{"href":"https:\/\/fram.is\/is\/wp-json\/wp\/v2\/media?parent=13106"}],"wp:term":[{"taxonomy":"category","embeddable":true,"href":"https:\/\/fram.is\/is\/wp-json\/wp\/v2\/categories?post=13106"},{"taxonomy":"post_tag","embeddable":true,"href":"https:\/\/fram.is\/is\/wp-json\/wp\/v2\/tags?post=13106"}],"curies":[{"name":"wp","href":"https:\/\/api.w.org\/{rel}","templated":true}]}}