{"id":13108,"date":"2016-05-01T17:26:48","date_gmt":"2016-05-01T17:26:48","guid":{"rendered":"http:\/\/fram.is\/?p=13108"},"modified":"2016-05-01T17:26:48","modified_gmt":"2016-05-01T17:26:48","slug":"thrju-fram-lid-leika-til-urslita-a-islandsmotinu-i-handbol","status":"publish","type":"post","link":"https:\/\/fram.is\/is\/2016\/05\/01\/thrju-fram-lid-leika-til-urslita-a-islandsmotinu-i-handbol\/","title":{"rendered":"\u00derj\u00fa FRAM li\u00f0 leika til \u00farslita \u00e1 \u00cdslandsm\u00f3tinu \u00ed handbolta"},"content":{"rendered":"<p><a href=\"http:\/\/fram.is\/is\/2016\/02\/3-flokkur-kvenna-coka-cola-bikarmeistari-2016\/bikarmeistarar-2016-3-fl-kvenna\/\"><img fetchpriority=\"high\" decoding=\"async\" class=\"alignright size-medium wp-image-12522\" src=\"http:\/\/fram.is\/wp-content\/uploads\/2016\/02\/Bikarmeistarar-2016-3.-fl.kvenna-300x200.jpg\" alt=\"Bikarmeistarar 2016 3. fl.kvenna\" width=\"300\" height=\"200\" \/><\/a>Vi\u00f0 FRAMarar eigum 3 li\u00f0 sem leika til \u00farslita \u00e1 \u00cdslandsm\u00f3tinu \u00ed handbolta\u00a0 en \u00farslitaleikir yngriflokka fara fram fimmtudaginn 5. ma\u00ed.\u00a0 Hef\u00f0 er fyrir \u00fev\u00ed a\u00f0 allir \u00farslitaleikir \u00cdslandsm\u00f3ts yngri flokkar fari fram \u00e1 einum degi og a\u00f0 \u00feessu sinni fara \u00feessir leikir fram \u00ed Dalh\u00fasum. \u00a0\u00darslitadagur \u00cdslandsm\u00f3tsins hefur veri\u00f0 vel heppna\u00f0ur, miki\u00f0 lagt upp \u00far umgj\u00f6r\u00f0 leikjanna og \u00fea\u00f0 ver\u00f0ur \u00f6rugglega bullandi stemming \u00ed Dalh\u00fasum \u00ed Grafarvogi \u00e1 fimmtudag.<br \/>\nLeikir okkar li\u00f0a \u00e1 fimmtudag ver\u00f0a sem h\u00e9r segir:<\/p>\n<p><strong>Kl. 11:15 \u00a0 4. fl. kv. Yngri \u00a0 FRAM \u2013 V\u00edkingur<\/strong><strong><br \/>\n<strong>Kl. 18:30 \u00a0 3. fl. kv. \u00a0 \u00a0 \u00a0 \u00a0 \u00a0 \u00a0 \u00a0FRAM \u2013 Fylkir<\/strong><br \/>\n<strong style=\"font-style: inherit;\">Kl. 20:30 \u00a0 2. fl. ka. \u00a0 \u00a0 \u00a0 \u00a0 \u00a0 \u00a0 \u00a0FRAM \u2013 ???<\/strong><\/strong><\/p>\n<p>Vi\u00f0 hvetjum alla FRAMarar til a\u00f0 m\u00e6ta \u00ed Dalh\u00fas \u00e1 fimmtudag og hvetja krakkana okkar og sty\u00f0ja vi\u00f0 baki\u00f0 \u00e1 \u00feessum\u00a0gl\u00e6silegu fulltr\u00faum sem vi\u00f0 eigum \u00ed \u00a0\u00farslitaleikjum \u00cdslandsm\u00f3tsins 2016.<\/p>\n<p>Allir leikirnir ver\u00f0a s\u00fdndir beint \u00e1 <a href=\"http:\/\/www.fjolnir.is\/tv\" target=\"_blank\" rel=\"noopener\">http:\/\/www.fjolnir.is\/tv<\/a><\/p>\n<p><strong>\u00c1FRAM FRAM<\/strong><\/p>\n<p>&nbsp;<\/p>","protected":false},"excerpt":{"rendered":"<p>Vi\u00f0 FRAMarar eigum 3 li\u00f0 sem leika til \u00farslita \u00e1 \u00cdslandsm\u00f3tinu \u00ed handbolta\u00a0 en \u00farslitaleikir yngriflokka fara fram fimmtudaginn 5. ma\u00ed.\u00a0 Hef\u00f0 er fyrir \u00fev\u00ed a\u00f0 allir \u00farslitaleikir \u00cdslandsm\u00f3ts yngri [&hellip;]<\/p>","protected":false},"author":4,"featured_media":12866,"comment_status":"open","ping_status":"open","sticky":false,"template":"","format":"standard","meta":{"_monsterinsights_skip_tracking":false,"_monsterinsights_sitenote_active":false,"_monsterinsights_sitenote_note":"","_monsterinsights_sitenote_category":0,"_jetpack_memberships_contains_paid_content":false,"footnotes":""},"categories":[7,6],"tags":[],"class_list":["post-13108","post","type-post","status-publish","format-standard","has-post-thumbnail","hentry","category-yngri-flokkar","category-handbolti"],"jetpack_sharing_enabled":true,"jetpack_featured_media_url":"https:\/\/fram.is\/wp-content\/uploads\/2016\/04\/2.fl_.jpg","_links":{"self":[{"href":"https:\/\/fram.is\/is\/wp-json\/wp\/v2\/posts\/13108","targetHints":{"allow":["GET"]}}],"collection":[{"href":"https:\/\/fram.is\/is\/wp-json\/wp\/v2\/posts"}],"about":[{"href":"https:\/\/fram.is\/is\/wp-json\/wp\/v2\/types\/post"}],"author":[{"embeddable":true,"href":"https:\/\/fram.is\/is\/wp-json\/wp\/v2\/users\/4"}],"replies":[{"embeddable":true,"href":"https:\/\/fram.is\/is\/wp-json\/wp\/v2\/comments?post=13108"}],"version-history":[{"count":0,"href":"https:\/\/fram.is\/is\/wp-json\/wp\/v2\/posts\/13108\/revisions"}],"wp:featuredmedia":[{"embeddable":true,"href":"https:\/\/fram.is\/is\/wp-json\/wp\/v2\/media\/12866"}],"wp:attachment":[{"href":"https:\/\/fram.is\/is\/wp-json\/wp\/v2\/media?parent=13108"}],"wp:term":[{"taxonomy":"category","embeddable":true,"href":"https:\/\/fram.is\/is\/wp-json\/wp\/v2\/categories?post=13108"},{"taxonomy":"post_tag","embeddable":true,"href":"https:\/\/fram.is\/is\/wp-json\/wp\/v2\/tags?post=13108"}],"curies":[{"name":"wp","href":"https:\/\/api.w.org\/{rel}","templated":true}]}}