{"id":13112,"date":"2016-05-01T18:10:31","date_gmt":"2016-05-01T18:10:31","guid":{"rendered":"http:\/\/fram.is\/?p=13112"},"modified":"2016-05-01T18:10:31","modified_gmt":"2016-05-01T18:10:31","slug":"emilia-britt-einarsdottir-gerir-samning-vid-fram","status":"publish","type":"post","link":"https:\/\/fram.is\/is\/2016\/05\/01\/emilia-britt-einarsdottir-gerir-samning-vid-fram\/","title":{"rendered":"Emil\u00eda Britt Einarsd\u00f3ttir gerir samning vi\u00f0 FRAM"},"content":{"rendered":"<p><a href=\"http:\/\/fram.is\/is\/?attachment_id=13113\"><img fetchpriority=\"high\" decoding=\"async\" class=\"alignright size-medium wp-image-13113\" src=\"http:\/\/fram.is\/wp-content\/uploads\/2016\/05\/Emil\u00eda-Britt-300x225.jpg\" alt=\"Emil\u00eda Britt\" width=\"300\" height=\"225\" \/><\/a>Knattspyrnudeild FRAM skrifa\u00f0i \u00ed g\u00e6r undir samning vi\u00f0 Emil\u00edu Britt Einarsd\u00f3ttur. Emil\u00eda Britt er ein af okkar ungu og efnilegu leikm\u00f6nnum sem eru a\u00f0 koma upp \u00far yngriflokkum f\u00e9lagsins. Emil\u00eda Britt er f\u00e6dd \u00e1ri\u00f0 1999 og mun leika me\u00f0 meistaraflokki f\u00e9lagsins \u00ed sumar en stelpan er \u00feegar byrju\u00f0 a\u00f0 skora, setti tv\u00f6 \u00a0\u00ed s\u00ed\u00f0asta leik.\u00a0 Samningurinn er til eins \u00e1rs.<br \/>\nMikill fengur fyrir f\u00e9lagi\u00f0 a\u00f0 geta byggt \u00e1 s\u00ednum ungu og efnilegu leikm\u00f6nnum.<br \/>\n\u00c1FRAM FRAM<\/p>","protected":false},"excerpt":{"rendered":"<p>Knattspyrnudeild FRAM skrifa\u00f0i \u00ed g\u00e6r undir samning vi\u00f0 Emil\u00edu Britt Einarsd\u00f3ttur. Emil\u00eda Britt er ein af okkar ungu og efnilegu leikm\u00f6nnum sem eru a\u00f0 koma upp \u00far yngriflokkum f\u00e9lagsins. Emil\u00eda [&hellip;]<\/p>","protected":false},"author":4,"featured_media":13114,"comment_status":"open","ping_status":"open","sticky":false,"template":"","format":"standard","meta":{"_monsterinsights_skip_tracking":false,"_monsterinsights_sitenote_active":false,"_monsterinsights_sitenote_note":"","_monsterinsights_sitenote_category":0,"_jetpack_memberships_contains_paid_content":false,"footnotes":""},"categories":[12,9],"tags":[],"class_list":["post-13112","post","type-post","status-publish","format-standard","has-post-thumbnail","hentry","category-mflkvenna","category-fotbolti"],"jetpack_sharing_enabled":true,"jetpack_featured_media_url":"https:\/\/fram.is\/wp-content\/uploads\/2016\/05\/Emil\u00eda-Britt-vefur.jpg","_links":{"self":[{"href":"https:\/\/fram.is\/is\/wp-json\/wp\/v2\/posts\/13112","targetHints":{"allow":["GET"]}}],"collection":[{"href":"https:\/\/fram.is\/is\/wp-json\/wp\/v2\/posts"}],"about":[{"href":"https:\/\/fram.is\/is\/wp-json\/wp\/v2\/types\/post"}],"author":[{"embeddable":true,"href":"https:\/\/fram.is\/is\/wp-json\/wp\/v2\/users\/4"}],"replies":[{"embeddable":true,"href":"https:\/\/fram.is\/is\/wp-json\/wp\/v2\/comments?post=13112"}],"version-history":[{"count":0,"href":"https:\/\/fram.is\/is\/wp-json\/wp\/v2\/posts\/13112\/revisions"}],"wp:featuredmedia":[{"embeddable":true,"href":"https:\/\/fram.is\/is\/wp-json\/wp\/v2\/media\/13114"}],"wp:attachment":[{"href":"https:\/\/fram.is\/is\/wp-json\/wp\/v2\/media?parent=13112"}],"wp:term":[{"taxonomy":"category","embeddable":true,"href":"https:\/\/fram.is\/is\/wp-json\/wp\/v2\/categories?post=13112"},{"taxonomy":"post_tag","embeddable":true,"href":"https:\/\/fram.is\/is\/wp-json\/wp\/v2\/tags?post=13112"}],"curies":[{"name":"wp","href":"https:\/\/api.w.org\/{rel}","templated":true}]}}