{"id":13347,"date":"2016-05-27T14:36:29","date_gmt":"2016-05-27T14:36:29","guid":{"rendered":"http:\/\/fram.is\/?p=13347"},"modified":"2016-05-27T14:36:29","modified_gmt":"2016-05-27T14:36:29","slug":"vel-heppnadur-supufundur-fram","status":"publish","type":"post","link":"https:\/\/fram.is\/is\/2016\/05\/27\/vel-heppnadur-supufundur-fram\/","title":{"rendered":"Vel heppna\u00f0ur s\u00fapufundur FRAM"},"content":{"rendered":"<p><a href=\"http:\/\/fram.is\/is\/?attachment_id=13348\"><img fetchpriority=\"high\" decoding=\"async\" class=\"alignright size-medium wp-image-13348\" src=\"http:\/\/fram.is\/wp-content\/uploads\/2016\/05\/S\u00fapumynd-27-ma\u00ed-300x225.jpg\" alt=\"S\u00fapumynd 27 ma\u00ed\" width=\"300\" height=\"225\" \/><\/a><a href=\"http:\/\/fram.is\/is\/?attachment_id=13349\"><img decoding=\"async\" class=\"alignright size-medium wp-image-13349\" src=\"http:\/\/fram.is\/wp-content\/uploads\/2016\/05\/S\u00fapumynd-27-ma\u00ed-I-300x225.jpg\" alt=\"S\u00fapumynd 27 ma\u00ed I\" width=\"300\" height=\"225\" \/><\/a>Vi\u00f0 FRAMarar h\u00e9ldum \u00ed dag \u00e1ttunda og s\u00ed\u00f0asta s\u00fapufund vetrarins. \u00a0Okkur telst til a\u00f0 \u00fea\u00f0 hafi veri\u00f0 r\u00famlega 50 \u00a0menn og konur sem g\u00e6ddu s\u00e9r \u00a0\u00e1 \u00feessari l\u00edka f\u00ednu\u00a0s\u00fapu. Svakalega g\u00f3\u00f0 s\u00fapa \u00ed dag.<br \/>\n\u00dea\u00f0 er alltaf gaman a\u00f0 sj\u00e1 alla \u00feessa FRAMarar \u00e1 \u00f6llum aldri rifja upp gamla daga og r\u00e6\u00f0a m\u00e1lefni dagsins. L\u00e9tt yfir f\u00f3lki enda komi\u00f0 sumar.<br \/>\nVi\u00f0 fengum ekki\u00a0 til okkar gest \u00ed dag en Sigur\u00f0ur Ingi T\u00f3masson n\u00fdkj\u00f6rinn forma\u00f0ur f\u00e9lagsins h\u00e9lt stutta t\u00f6lu.<br \/>\n\u00deetta var eins og \u00e1\u00f0ur sag\u00f0i s\u00ed\u00f0asti fundur (vetrarins), vi\u00f0 \u00e6tlum a\u00f0 taka \u00fer\u00e1\u00f0inn aftur upp \u00ed haust og n\u00e6sti s\u00fapufundur ver\u00f0ur f\u00f6studaginn 30. sept.<br \/>\nVi\u00f0 FRAMarar \u00fe\u00f6kkum \u00f6llum \u00feeim sem m\u00e6ttu \u00e1 supufundina \u00ed vetur, \u00fea\u00f0 var vel m\u00e6tt, fyrir \u00fea\u00f0 erum vi\u00f0 mj\u00f6g \u00feakkl\u00e1t og hva\u00f0 \u00feessi upp\u00e1koma hefur heppnst vel.<\/p>\n<p>Takk fyrir veturinn og sj\u00e1umst hress og k\u00e1t \u00ed haust.<\/p>\n<p>\u00c1FRAM FRAM<\/p>","protected":false},"excerpt":{"rendered":"<p>Vi\u00f0 FRAMarar h\u00e9ldum \u00ed dag \u00e1ttunda og s\u00ed\u00f0asta s\u00fapufund vetrarins. \u00a0Okkur telst til a\u00f0 \u00fea\u00f0 hafi veri\u00f0 r\u00famlega 50 \u00a0menn og konur sem g\u00e6ddu s\u00e9r \u00a0\u00e1 \u00feessari l\u00edka f\u00ednu\u00a0s\u00fapu. Svakalega [&hellip;]<\/p>","protected":false},"author":4,"featured_media":13350,"comment_status":"open","ping_status":"open","sticky":false,"template":"","format":"standard","meta":{"_monsterinsights_skip_tracking":false,"_monsterinsights_sitenote_active":false,"_monsterinsights_sitenote_note":"","_monsterinsights_sitenote_category":0,"_jetpack_memberships_contains_paid_content":false,"footnotes":""},"categories":[8,10],"tags":[],"class_list":["post-13347","post","type-post","status-publish","format-standard","has-post-thumbnail","hentry","category-adalstjorn","category-frettir"],"jetpack_sharing_enabled":true,"jetpack_featured_media_url":"https:\/\/fram.is\/wp-content\/uploads\/2016\/05\/S\u00fapumynd-27-ma\u00ed-II-vefur.jpg","_links":{"self":[{"href":"https:\/\/fram.is\/is\/wp-json\/wp\/v2\/posts\/13347","targetHints":{"allow":["GET"]}}],"collection":[{"href":"https:\/\/fram.is\/is\/wp-json\/wp\/v2\/posts"}],"about":[{"href":"https:\/\/fram.is\/is\/wp-json\/wp\/v2\/types\/post"}],"author":[{"embeddable":true,"href":"https:\/\/fram.is\/is\/wp-json\/wp\/v2\/users\/4"}],"replies":[{"embeddable":true,"href":"https:\/\/fram.is\/is\/wp-json\/wp\/v2\/comments?post=13347"}],"version-history":[{"count":0,"href":"https:\/\/fram.is\/is\/wp-json\/wp\/v2\/posts\/13347\/revisions"}],"wp:featuredmedia":[{"embeddable":true,"href":"https:\/\/fram.is\/is\/wp-json\/wp\/v2\/media\/13350"}],"wp:attachment":[{"href":"https:\/\/fram.is\/is\/wp-json\/wp\/v2\/media?parent=13347"}],"wp:term":[{"taxonomy":"category","embeddable":true,"href":"https:\/\/fram.is\/is\/wp-json\/wp\/v2\/categories?post=13347"},{"taxonomy":"post_tag","embeddable":true,"href":"https:\/\/fram.is\/is\/wp-json\/wp\/v2\/tags?post=13347"}],"curies":[{"name":"wp","href":"https:\/\/api.w.org\/{rel}","templated":true}]}}